{"id":1120278,"date":"2026-03-05T05:41:33","date_gmt":"2026-03-05T05:41:33","guid":{"rendered":"https:\/\/dimensionturistica.com\/es\/?p=1120278"},"modified":"2026-03-05T05:41:33","modified_gmt":"2026-03-05T05:41:33","slug":"como-vestir-al-estilo-de-las-hermanas-olsen-esta-primavera","status":"publish","type":"post","link":"https:\/\/dimensionturistica.com\/es\/como-vestir-al-estilo-de-las-hermanas-olsen-esta-primavera\/","title":{"rendered":"C\u00f3mo Vestir al Estilo de las Hermanas Olsen Esta Primavera"},"content":{"rendered":"<p><strong>Las Gemelas Olsen: Vanguardistas del Estilo para la Temporada Primavera-Verano<\/strong><\/p>\n<p>En el universo de la moda, siempre hay nombres que resuenan con fuerza, y las gemelas Olsen son, sin duda, uno de estos \u00edconos contempor\u00e1neos. Su impronta en el mundo del estilo es innegable, y esta temporada no es la excepci\u00f3n. Desde su incursi\u00f3n en la industria textil, han logrado redefinir no solo su propia imagen, sino tambi\u00e9n la de muchas mujeres alrededor del mundo. <\/p>\n<h3>Minimalismo Elevado<\/h3>\n<p>La est\u00e9tica de las Olsen se caracteriza por un enfoque minimalista que trasciende tendencias pasajeras. Este a\u00f1o, la paleta de colores que han presentado est\u00e1 dominada por tonos neutros: crudos, beiges y negros profundos que abrazan la simplicidad sin sacrificar la elegancia. Cada prenda parece contar una historia, evaporando el ruido visual y centr\u00e1ndose en la calidad superior y el dise\u00f1o atemporal.<\/p>\n<h3>Siluetas que Hablan<\/h3>\n<p>Las siluetas propuestas evocan un sentido de libertad y comodidad. Las l\u00edneas fluidas y las formas oversize ofrecen un respiro en un mundo cada vez m\u00e1s apretado. Vestidos largas y secciones holgadas son la clave para el guardarropa contempor\u00e1neo, permitiendo movimiento y sofisticaci\u00f3n. Esta elecci\u00f3n de estilos es un recordatorio de que menos es m\u00e1s, y que la verdadera sofisticaci\u00f3n radica en la sutileza.<\/p>\n<h3>Accesorios como Protagonistas<\/h3>\n<p>Si hay algo que destaca en las colecciones de las gemelas, es la atenci\u00f3n meticulosa a los detalles. Los accesorios que completan sus atuendos se convierten en el foco de atenci\u00f3n. Desde bolsos estructurados hasta botas de cuero con un dise\u00f1o audaz, cada elemento est\u00e1 pensado para complementar, no competir. Este enfoque en los complementos potencia el atuendo global, llev\u00e1ndolo a nuevas alturas estil\u00edsticas.<\/p>\n<h3>Inspiraci\u00f3n en el Pasado, Mirada al Futuro<\/h3>\n<p>La influencia del pasado es palpable en sus dise\u00f1os, evocando ciertos estilos de d\u00e9cadas pasadas. Sin embargo, las gemelas han logrado transformar estas referencias en algo totalmente contempor\u00e1neo. Las prendas parecen susurrar a los adeptos de la moda que el estilo no solo se trata de lo que se lleva, sino de c\u00f3mo se lleva. La mezcla de influencias en sus selecciones desaf\u00eda las normas y abre un di\u00e1logo no solo sobre la moda, sino sobre la identidad.<\/p>\n<h3>Un Llamado a la Sostenibilidad<\/h3>\n<p>Un aspecto crucial que acompa\u00f1a su trabajo es el compromiso con la sostenibilidad. Al optar por materiales de alta calidad y un enfoque \u00e9tico en la producci\u00f3n, las Olsen no solo enmarcan su obra en la est\u00e9tica, sino tambi\u00e9n en principios que responden a las necesidades actuales del planeta. Este marcado enfoque hacia un futuro m\u00e1s sostenible resuena con una generaci\u00f3n que busca moda con prop\u00f3sito.<\/p>\n<h3>El Legado de Estilo<\/h3>\n<p>La influencia de las gemelas Olsen se expande m\u00e1s all\u00e1 de su estilo personal; han creado un legado que invita a explorar el significado de la moda. Con su audaz enfoque y una \u00e9tica de trabajo que prioriza la autenticidad, se convierten en un referente no solo para quienes buscan inspiraci\u00f3n, sino tambi\u00e9n para las marcas que miran a futuro. <\/p>\n<p>La primavera-verano de este a\u00f1o promete ser un lienzo donde las Olsen pintan su visi\u00f3n, recordando a todos que la moda es una forma de expresi\u00f3n constante y en evoluci\u00f3n. As\u00ed, su impronta se mantiene vigente, capturando la esencia de la elegancia descomplicada en un mundo repleto de exceso. La moda, como saben las gemelas, es un viaje, y ellas est\u00e1n a la vanguardia de esta traves\u00eda.<\/p>\n<p><em> &#8221; Fuentes www.vogue.com &#8221; <\/em><\/p>\n","protected":false},"excerpt":{"rendered":"<p>Las Gemelas Olsen: Vanguardistas del Estilo para la Temporada Primavera-Verano En el universo de la moda, siempre hay nombres que resuenan con fuerza, y las gemelas Olsen son, sin duda, uno de estos \u00edconos contempor\u00e1neos. Su impronta en el mundo del estilo es innegable, y esta temporada no es la excepci\u00f3n. Desde su incursi\u00f3n en [&hellip;]<\/p>\n","protected":false},"author":14,"featured_media":1120279,"comment_status":"open","ping_status":"closed","sticky":false,"template":"","format":"standard","meta":{"om_disable_all_campaigns":false,"jnews-multi-image_gallery":[],"jnews_single_post":[],"jnews_primary_category":[],"jnews_social_meta":[],"footnotes":""},"categories":[144872],"tags":[69624,210290,198517,198490,166,199635,213312,246108,198515,202,205135,6194,216171],"class_list":["post-1120278","post","type-post","status-publish","format-standard","has-post-thumbnail","hentry","category-fashion","tag-accessories","tag-ashley-olsen","tag-casual-chic","tag-celebrity-fashion","tag-fashion","tag-layering","tag-mary-kate-olsen","tag-olsen-twins","tag-outfit-inspiration","tag-shopping","tag-spring-style","tag-trends","tag-wardrobe-tips"],"_links":{"self":[{"href":"https:\/\/dimensionturistica.com\/es\/wp-json\/wp\/v2\/posts\/1120278","targetHints":{"allow":["GET"]}}],"collection":[{"href":"https:\/\/dimensionturistica.com\/es\/wp-json\/wp\/v2\/posts"}],"about":[{"href":"https:\/\/dimensionturistica.com\/es\/wp-json\/wp\/v2\/types\/post"}],"author":[{"embeddable":true,"href":"https:\/\/dimensionturistica.com\/es\/wp-json\/wp\/v2\/users\/14"}],"replies":[{"embeddable":true,"href":"https:\/\/dimensionturistica.com\/es\/wp-json\/wp\/v2\/comments?post=1120278"}],"version-history":[{"count":1,"href":"https:\/\/dimensionturistica.com\/es\/wp-json\/wp\/v2\/posts\/1120278\/revisions"}],"predecessor-version":[{"id":1120280,"href":"https:\/\/dimensionturistica.com\/es\/wp-json\/wp\/v2\/posts\/1120278\/revisions\/1120280"}],"wp:featuredmedia":[{"embeddable":true,"href":"https:\/\/dimensionturistica.com\/es\/wp-json\/wp\/v2\/media\/1120279"}],"wp:attachment":[{"href":"https:\/\/dimensionturistica.com\/es\/wp-json\/wp\/v2\/media?parent=1120278"}],"wp:term":[{"taxonomy":"category","embeddable":true,"href":"https:\/\/dimensionturistica.com\/es\/wp-json\/wp\/v2\/categories?post=1120278"},{"taxonomy":"post_tag","embeddable":true,"href":"https:\/\/dimensionturistica.com\/es\/wp-json\/wp\/v2\/tags?post=1120278"}],"curies":[{"name":"wp","href":"https:\/\/api.w.org\/{rel}","templated":true}]}}