{"id":1120206,"date":"2026-03-05T02:12:40","date_gmt":"2026-03-05T02:12:40","guid":{"rendered":"https:\/\/dimensionturistica.com\/es\/?p=1120206"},"modified":"2026-03-05T02:12:40","modified_gmt":"2026-03-05T02:12:40","slug":"moras-sandwiches-y-queso-un-resumen-de-la-historia-de-los-tentempies-en-el-row","status":"publish","type":"post","link":"https:\/\/dimensionturistica.com\/es\/moras-sandwiches-y-queso-un-resumen-de-la-historia-de-los-tentempies-en-el-row\/","title":{"rendered":"Moras, S\u00e1ndwiches y Queso: Un Resumen de la Historia de los Tentempi\u00e9s en el Row"},"content":{"rendered":"<h2>Un Bocado de Estilo: Snacks en Par\u00eds durante la Semana de la Moda<\/h2>\n<p>La Semana de la Moda de Par\u00eds no solo es un escaparate de tendencias audaces y creaciones vanguardistas, sino que tambi\u00e9n se ha convertido en un evento donde el estilo se encuentra con la gastronom\u00eda. En este marco, la combinaci\u00f3n de moda y snacks se presenta como una experiencia sensorial inigualable. Imagina un interludio entre desfiles con sabores exquisitamente dise\u00f1ados para complementar el glamour y la euforia del evento.<\/p>\n<h3>La Nueva Tendencia: Snacks de Alta Costura<\/h3>\n<p>En un mundo donde el &#8220;snacking&#8221; se convierte en una forma de arte, los dise\u00f1adores y marcas han comenzado a ofrecer peque\u00f1as delicias que van m\u00e1s all\u00e1 de la simple alimentaci\u00f3n. Estas mini creaciones no solo son una pausa necesaria en el aluvi\u00f3n de moda, sino que tambi\u00e9n representan la visi\u00f3n est\u00e9tica de cada marca. Desde aperitivos delicadamente elaborados hasta dulces inspirados en las paletas de colores de la colecci\u00f3n, cada bocado es una extensi\u00f3n del universo creativo que rodea a la pasarela.<\/p>\n<h3>Presentaci\u00f3n y Estilo<\/h3>\n<p>La presentaci\u00f3n de estos snacks es fundamental. En un ambiente donde cada detalle cuenta, incluso la forma en que se sirven los alimentos se convierte en una declaraci\u00f3n de intenciones. Cajas decorativas, platos esculpidos y atenci\u00f3n meticulosa a la est\u00e9tica se convierten en la norma. Cada snack se transforma no solo en un alimento, sino en una pieza conversacional; una manera de celebrar la fusi\u00f3n entre moda y gastronom\u00eda.<\/p>\n<h3>Influencia de las Redes Sociales<\/h3>\n<p>La capacidad de capturar y compartir en redes sociales amplifica el impacto de estas ofertas culinarias. Los influencers y asistentes aprovechan la oportunidad para documentar y propagar su experiencia gastron\u00f3mica, lo que genera un ecosistema de viralidad en torno a la moda y sus sabores. Cada foto se convierte en un producto de deseo que no solo resalta las tendencias de la temporada, sino que tambi\u00e9n invita a la audiencia a participar en la experiencia.<\/p>\n<h3>Innovaci\u00f3n y Creatividad en Cada Bocado<\/h3>\n<p>Las marcas, al igual que los dise\u00f1adores, exploran nuevos caminos en el \u00e1mbito de los snacks. Desde sabores inesperados hasta combinaciones innovadoras que sorprenden a los paladares, el enfoque es siempre el mismo: crear una experiencia. Chef reconocidos se asocian con dise\u00f1adores para desarrollar propuestas que se alineen con la esencia de cada colecci\u00f3n, convirtiendo cada lanzamiento en un matrimonio perfecto entre arte y gastronom\u00eda.<\/p>\n<h3>Una Celebraci\u00f3n del Estilo de Vida<\/h3>\n<p>Estos snacks no solo representan un elemento de confort durante un evento que tradicionalmente puede ser agotador, sino que tambi\u00e9n encapsulan un estilo de vida que celebra la creatividad en todos sus aspectos. Proporcionan un respiro en la vor\u00e1gine de moda, un momento para disfrutar de lo ef\u00edmero e irreal que a menudo caracteriza a la industria.<\/p>\n<h3>El Futuro de la Gastronom\u00eda en la Moda<\/h3>\n<p>A medida que estas interacciones entre la moda y la gastronom\u00eda contin\u00faan evolucionando, el futuro promete a\u00fan m\u00e1s sorpresas. Lo que antes era un simple acompa\u00f1amiento se transformar\u00e1 en una experiencia integral que abarca todos los sentidos. Con un enfoque en los detalles y la presentaci\u00f3n, la industria de la moda seguir\u00e1 rompiendo barreras y redefiniendo lo que significa vivir con estilo.<\/p>\n<p>En este cruce de caminos, Par\u00eds no solo es la capital de la moda, sino tambi\u00e9n de los sabores. LaSemana de la Moda se consolida as\u00ed como una plataforma donde cada experiencia cuenta, uniendo a dise\u00f1adores, chefs y amantes del estilo en una celebraci\u00f3n inigualable. \u00a1Prep\u00e1rate para que cada bocado sea una obra maestra!<\/p>\n<p><em> &#8221; Fuentes www.vogue.com &#8221; <\/em><\/p>\n","protected":false},"excerpt":{"rendered":"<p>Un Bocado de Estilo: Snacks en Par\u00eds durante la Semana de la Moda La Semana de la Moda de Par\u00eds no solo es un escaparate de tendencias audaces y creaciones vanguardistas, sino que tambi\u00e9n se ha convertido en un evento donde el estilo se encuentra con la gastronom\u00eda. En este marco, la combinaci\u00f3n de moda [&hellip;]<\/p>\n","protected":false},"author":14,"featured_media":1120209,"comment_status":"open","ping_status":"closed","sticky":false,"template":"","format":"standard","meta":{"om_disable_all_campaigns":false,"jnews-multi-image_gallery":[],"jnews_single_post":[],"jnews_primary_category":[],"jnews_social_meta":[],"footnotes":""},"categories":[144872],"tags":[270061,270062,97880,106599,270066,12090,270064,204909,164020,270065,204566,270063],"class_list":["post-1120206","post","type-post","status-publish","format-standard","has-post-thumbnail","hentry","category-fashion","tag-blackberries","tag-blts","tag-culinary-traditions","tag-food-history","tag-food-lore","tag-gastronomy","tag-history-of-snacks","tag-paris-fashion-week","tag-row","tag-snack-culture","tag-the-row","tag-wedges-of-cheese"],"_links":{"self":[{"href":"https:\/\/dimensionturistica.com\/es\/wp-json\/wp\/v2\/posts\/1120206","targetHints":{"allow":["GET"]}}],"collection":[{"href":"https:\/\/dimensionturistica.com\/es\/wp-json\/wp\/v2\/posts"}],"about":[{"href":"https:\/\/dimensionturistica.com\/es\/wp-json\/wp\/v2\/types\/post"}],"author":[{"embeddable":true,"href":"https:\/\/dimensionturistica.com\/es\/wp-json\/wp\/v2\/users\/14"}],"replies":[{"embeddable":true,"href":"https:\/\/dimensionturistica.com\/es\/wp-json\/wp\/v2\/comments?post=1120206"}],"version-history":[{"count":1,"href":"https:\/\/dimensionturistica.com\/es\/wp-json\/wp\/v2\/posts\/1120206\/revisions"}],"predecessor-version":[{"id":1120210,"href":"https:\/\/dimensionturistica.com\/es\/wp-json\/wp\/v2\/posts\/1120206\/revisions\/1120210"}],"wp:featuredmedia":[{"embeddable":true,"href":"https:\/\/dimensionturistica.com\/es\/wp-json\/wp\/v2\/media\/1120209"}],"wp:attachment":[{"href":"https:\/\/dimensionturistica.com\/es\/wp-json\/wp\/v2\/media?parent=1120206"}],"wp:term":[{"taxonomy":"category","embeddable":true,"href":"https:\/\/dimensionturistica.com\/es\/wp-json\/wp\/v2\/categories?post=1120206"},{"taxonomy":"post_tag","embeddable":true,"href":"https:\/\/dimensionturistica.com\/es\/wp-json\/wp\/v2\/tags?post=1120206"}],"curies":[{"name":"wp","href":"https:\/\/api.w.org\/{rel}","templated":true}]}}