{"id":1120178,"date":"2026-03-05T00:27:34","date_gmt":"2026-03-05T00:27:34","guid":{"rendered":"https:\/\/dimensionturistica.com\/es\/?p=1120178"},"modified":"2026-03-05T00:27:34","modified_gmt":"2026-03-05T00:27:34","slug":"un-gesto-de-valentia-y-altruismo-primeras-reacciones-al-ultimo-alaia-de-pieter-mulier","status":"publish","type":"post","link":"https:\/\/dimensionturistica.com\/es\/un-gesto-de-valentia-y-altruismo-primeras-reacciones-al-ultimo-alaia-de-pieter-mulier\/","title":{"rendered":"Un Gesto de Valent\u00eda y Altruismo: Primeras Reacciones al \u00daltimo Ala\u00efa de Pieter Mulier"},"content":{"rendered":"<h3>La \u00daltima Colecci\u00f3n de Pieter Mulier: Un Legado de Innovaci\u00f3n y Compasi\u00f3n<\/h3>\n<p>En el vibrante universo de la moda, cada colecci\u00f3n cuenta una historia. La \u00faltima propuesta de Pieter Mulier para la emblem\u00e1tica marca Ala\u00efa es un claro testimonio de c\u00f3mo la creatividad puede entrelazarse con la emoci\u00f3n y la humanidad. La presentaci\u00f3n de esta colecci\u00f3n no solo marc\u00f3 un hito en su carrera, sino que tambi\u00e9n reson\u00f3 en los corazones de quienes tuvieron la oportunidad de presenciarla.<\/p>\n<p><strong>Un Tributo a la Belleza A Timeless<\/strong><\/p>\n<p>Esta colecci\u00f3n refleja una profunda conexi\u00f3n con la est\u00e9tica cl\u00e1sica que caracteriza a Ala\u00efa, pero con una innovadora reinterpretaci\u00f3n. Las l\u00edneas puras y elegantes, los tejidos cuidadosamente seleccionados y el inconfundible sello de la marca se conjugan en una experiencia visual que invita a la admiraci\u00f3n. Mulier ha logrado capturar la esencia de la casa con un enfoque moderno y fresco, rindiendo homenaje a sus ra\u00edces sin perder de vista el futuro.<\/p>\n<p><strong>La Generosidad Como Eje Central<\/strong><\/p>\n<p>M\u00e1s all\u00e1 de la t\u00e9cnica y la est\u00e9tica, Mulier ha incluido un componente emocional fundamental: la generosidad. Su trabajo no se limita a la creaci\u00f3n de prendas; busca transmitir un mensaje de uni\u00f3n y cuidado. Las inspiraciones tomadas de diversas culturas y el uso de pr\u00e1cticas sostenibles son un reflejo de su visi\u00f3n inclusiva y solidaria, lo que a\u00f1ade una capa de significado a cada pieza de la colecci\u00f3n.<\/p>\n<p><strong>Calidad y Sostenibilidad: Una Nueva Era para Ala\u00efa<\/strong><\/p>\n<p>La moda contempor\u00e1nea exige una conciencia social y ambiental, algo que Mulier ha integrado en su colecci\u00f3n. Con una firme apuesta por la sostenibilidad, los materiales utilizados son seleccionados no solo por su calidad, sino tambi\u00e9n por su menor impacto en el entorno. En un mundo donde la moda r\u00e1pida prevalece, esta visi\u00f3n es un aliento de frescura y responsabilidad que resuena con las nuevas generaciones de consumidores.<\/p>\n<p><strong>Detalles Que Cuentan Historias<\/strong><\/p>\n<p>Cada detalle en esta colecci\u00f3n es un relato en s\u00ed mismo. Desde los cortes audaces que aportan movimiento hasta la paleta de colores cuidadosamente elegida, cada aspecto ha sido meticulosamente pensado. Estas elecciones no solo enaltecen la silueta femenina, sino que tambi\u00e9n suscitan di\u00e1logos sobre la identidad y la expresi\u00f3n personal.<\/p>\n<p><strong>Un Evento Que Marcar\u00e1 el Recuerdo<\/strong><\/p>\n<p>La presentaci\u00f3n de la colecci\u00f3n fue un evento inolvidable, donde los asistentes fueron part\u00edcipes de una experiencia \u00fanica. Las reacciones fluctuaron entre la admiraci\u00f3n y la reflexi\u00f3n profunda sobre el papel de la moda en el mundo actual. La audiencia no solo fue espectadora; cada persona se convirti\u00f3 en un embajador de la visi\u00f3n que Mulier ha confeccionado, llevando consigo el mensaje de amor y respeto que impregna esta colecci\u00f3n.<\/p>\n<p><strong>Atrayendo Miradas y Corazones<\/strong><\/p>\n<p>Ciertamente, esta \u00faltima obra de Mulier para Ala\u00efa ha sido recibida con entusiasmo y aprecio. El impacto generado por la colecci\u00f3n va m\u00e1s all\u00e1 de la superficie; invita a un di\u00e1logo crucial sobre c\u00f3mo la moda puede ser un veh\u00edculo de cambio y conexi\u00f3n. En un momento en el que la industria enfrenta desaf\u00edos sin precedentes, este enfoque renovador destaca la importancia de la empat\u00eda y la creatividad en el camino hacia el futuro.<\/p>\n<p>La moda es una forma de arte que va m\u00e1s all\u00e1 de lo visual; es un lenguaje que comunica valores, aspiraciones y sue\u00f1os compartidos. La \u00faltima colecci\u00f3n de Pieter Mulier est\u00e1 destinada a ocupar un lugar especial en el panorama de la moda, marcando una nueva era que celebra la diversidad, la sostenibilidad y, por supuesto, la belleza.<\/p>\n<p><em> &#8221; Fuentes www.vogue.com &#8221; <\/em><\/p>\n","protected":false},"excerpt":{"rendered":"<p>La \u00daltima Colecci\u00f3n de Pieter Mulier: Un Legado de Innovaci\u00f3n y Compasi\u00f3n En el vibrante universo de la moda, cada colecci\u00f3n cuenta una historia. La \u00faltima propuesta de Pieter Mulier para la emblem\u00e1tica marca Ala\u00efa es un claro testimonio de c\u00f3mo la creatividad puede entrelazarse con la emoci\u00f3n y la humanidad. La presentaci\u00f3n de esta [&hellip;]<\/p>\n","protected":false},"author":14,"featured_media":1120179,"comment_status":"open","ping_status":"closed","sticky":false,"template":"","format":"standard","meta":{"om_disable_all_campaigns":false,"jnews-multi-image_gallery":[],"jnews_single_post":[],"jnews_primary_category":[],"jnews_social_meta":[],"footnotes":""},"categories":[144872],"tags":[48710,201518,237759,29821,166,269397,270057,69354,28063,265931,72687],"class_list":["post-1120178","post","type-post","status-publish","format-standard","has-post-thumbnail","hentry","category-fashion","tag-alaia","tag-artistry","tag-courage","tag-design","tag-fashion","tag-first-reactions","tag-generosity","tag-latest","tag-legacy","tag-pieter-mulier","tag-tribute"],"_links":{"self":[{"href":"https:\/\/dimensionturistica.com\/es\/wp-json\/wp\/v2\/posts\/1120178","targetHints":{"allow":["GET"]}}],"collection":[{"href":"https:\/\/dimensionturistica.com\/es\/wp-json\/wp\/v2\/posts"}],"about":[{"href":"https:\/\/dimensionturistica.com\/es\/wp-json\/wp\/v2\/types\/post"}],"author":[{"embeddable":true,"href":"https:\/\/dimensionturistica.com\/es\/wp-json\/wp\/v2\/users\/14"}],"replies":[{"embeddable":true,"href":"https:\/\/dimensionturistica.com\/es\/wp-json\/wp\/v2\/comments?post=1120178"}],"version-history":[{"count":1,"href":"https:\/\/dimensionturistica.com\/es\/wp-json\/wp\/v2\/posts\/1120178\/revisions"}],"predecessor-version":[{"id":1120180,"href":"https:\/\/dimensionturistica.com\/es\/wp-json\/wp\/v2\/posts\/1120178\/revisions\/1120180"}],"wp:featuredmedia":[{"embeddable":true,"href":"https:\/\/dimensionturistica.com\/es\/wp-json\/wp\/v2\/media\/1120179"}],"wp:attachment":[{"href":"https:\/\/dimensionturistica.com\/es\/wp-json\/wp\/v2\/media?parent=1120178"}],"wp:term":[{"taxonomy":"category","embeddable":true,"href":"https:\/\/dimensionturistica.com\/es\/wp-json\/wp\/v2\/categories?post=1120178"},{"taxonomy":"post_tag","embeddable":true,"href":"https:\/\/dimensionturistica.com\/es\/wp-json\/wp\/v2\/tags?post=1120178"}],"curies":[{"name":"wp","href":"https:\/\/api.w.org\/{rel}","templated":true}]}}