{"id":1119964,"date":"2026-03-04T15:46:46","date_gmt":"2026-03-04T15:46:46","guid":{"rendered":"https:\/\/dimensionturistica.com\/es\/?p=1119964"},"modified":"2026-03-04T15:46:46","modified_gmt":"2026-03-04T15:46:46","slug":"las-agencias-turisticas-demandan-al-gobierno-una-accion-contundente-para-el-regreso-de-los-espanoles-solo-han-aplicado-soluciones-temporales","status":"publish","type":"post","link":"https:\/\/dimensionturistica.com\/es\/las-agencias-turisticas-demandan-al-gobierno-una-accion-contundente-para-el-regreso-de-los-espanoles-solo-han-aplicado-soluciones-temporales\/","title":{"rendered":"Las agencias tur\u00edsticas demandan al Gobierno una acci\u00f3n contundente para el regreso de los espa\u00f1oles: \u00abSolo han aplicado soluciones temporales\u00bb."},"content":{"rendered":"<h3>La Traves\u00eda de Volver a Casa: Un Llamado por la Reconstrucci\u00f3n del Turismo<\/h3>\n<p>En los \u00faltimos a\u00f1os, el mundo ha sido testigo de c\u00f3mo la pandemia alter\u00f3 dram\u00e1ticamente los viajes internacionales. Con fronteras cerradas y perspectivas inciertas, miles de espa\u00f1oles se encontraron varados en distintos rincones del planeta. La preocupaci\u00f3n creci\u00f3 no solo por el bienestar de quienes estaban lejos de casa, sino tambi\u00e9n por las secuelas que esta situaci\u00f3n podr\u00eda dejar en el sector tur\u00edstico.<\/p>\n<p>Las agencias de viajes, esos actores clave que alguna vez facilitaron el descubrimiento de nuevos destinos, han alzado la voz. A pesar de los esfuerzos realizados hasta ahora para repatriar a los espa\u00f1oles, la sensaci\u00f3n ha sido que las soluciones son solo parches ante una crisis que requiere atenci\u00f3n inmediata y efectiva. Las agencias exigen un plan estructurado por parte del gobierno que no solo se limite a acciones moment\u00e1neas, sino que genere un sistema robusto para resolver los problemas de repatriaci\u00f3n de manera eficiente.<\/p>\n<p>La importancia de una respuesta r\u00e1pida no solo radica en la necesidad de traer a casa a aquellos que quedaron atrapados en situaciones inciertas, sino tambi\u00e9n en la revitalizaci\u00f3n de un sector que ha sufrido enormemente. Con una ca\u00edda dr\u00e1stica en la demanda de servicios tur\u00edsticos, es esencial que las autoridades act\u00faen proactivamente para restaurar la confianza en los viajes y asegurar un regreso seguro a la normalidad.<\/p>\n<p>Ya no se trata solo de abrir vuelos o cerrar acuerdos con aerol\u00edneas; la soluci\u00f3n debe incluir un enfoque integral que beneficie tanto a los viajeros como a la industria tur\u00edstica en su conjunto. Esto implica dise\u00f1ar protocolos claros que permitan organizar desplazamientos, ofrecer asistencia a quienes la necesiten y garantizar la asistencia m\u00e9dica y la seguridad durante el proceso.<\/p>\n<p>En este contexto, tambi\u00e9n se hace evidente la necesidad de un cambio en la forma en que los viajeros planifican sus viajes. Se deben considerar alternativas que ofrezcan mayor flexibilidad y seguridad, tales como seguros de viaje m\u00e1s completos y pol\u00edticas de cancelaci\u00f3n m\u00e1s amigables. Las agencias de viajes tienen la capacidad de adaptarse y ofrecer soluciones innovadoras, pero para ello requieren el respaldo de un marco regulatorio que les permita trabajar con confianza.<\/p>\n<p>A medida que el mundo comienza a vislumbrar un futuro post-pandemia, es crucial aprender de estas experiencias y construir un sistema tur\u00edstico m\u00e1s resiliente. La salida de esta crisis depender\u00e1 de la colaboraci\u00f3n entre las agencias, los gobiernos y los viajeros, creando un tejido que garantice que ninguna crisis futura sorprenda al sector sin un plan de acci\u00f3n adecuado.<\/p>\n<p>Volver a explorar el mundo, descubrir culturas, saborear la gastronom\u00eda de otros pa\u00edses y conectar con personas de diversas tradiciones es un deseo arraigado en el ser humano. Pero para hacerlo de manera segura y responsable, es necesario que todos los involucrados en la industria del turismo trabajen en conjunto para asegurarse de que, al final del d\u00eda, cada viaje sea una experiencia que no solo enriquezca el alma, sino que tambi\u00e9n est\u00e9 respaldada por medidas s\u00f3lidas y efectivas.<\/p>\n<p>En este camino hacia la recuperaci\u00f3n, el compromiso no solo debe ser individual, sino colectivo. Es el momento de reafirmar el v\u00ednculo que une a quienes amamos viajar y descubrir el mundo, haciendo de cada experiencia un recuerdo que atesoraremos por siempre.<\/p>\n<p><em> &#8221; Sources www.ultimahora.es &#8221; <\/em><\/p>\n","protected":false},"excerpt":{"rendered":"<p>La Traves\u00eda de Volver a Casa: Un Llamado por la Reconstrucci\u00f3n del Turismo En los \u00faltimos a\u00f1os, el mundo ha sido testigo de c\u00f3mo la pandemia alter\u00f3 dram\u00e1ticamente los viajes internacionales. Con fronteras cerradas y perspectivas inciertas, miles de espa\u00f1oles se encontraron varados en distintos rincones del planeta. La preocupaci\u00f3n creci\u00f3 no solo por el [&hellip;]<\/p>\n","protected":false},"author":4,"featured_media":1119965,"comment_status":"open","ping_status":"closed","sticky":false,"template":"","format":"standard","meta":{"om_disable_all_campaigns":false,"jnews-multi-image_gallery":[],"jnews_single_post":[],"jnews_primary_category":[],"jnews_social_meta":[],"footnotes":""},"categories":[40],"tags":[569,1619,1552,5684,1363,698,270022,8607,686,270023,7201,3778,72434,20215,4463,544,706,2144,11530],"class_list":["post-1119964","post","type-post","status-publish","format-standard","has-post-thumbnail","hentry","category-industria","tag-agencias-de-viajes","tag-aviba","tag-crisis","tag-espanoles","tag-estados-unidos","tag-gobierno","tag-guerra-en-iran","tag-israel","tag-local","tag-medidas-efectivas","tag-palma","tag-palma-de-mallorca","tag-pedro-fiol","tag-repatriacion","tag-rescate","tag-turismo","tag-ultima-hora","tag-ultimas-noticias","tag-vuelos-cancelados"],"_links":{"self":[{"href":"https:\/\/dimensionturistica.com\/es\/wp-json\/wp\/v2\/posts\/1119964","targetHints":{"allow":["GET"]}}],"collection":[{"href":"https:\/\/dimensionturistica.com\/es\/wp-json\/wp\/v2\/posts"}],"about":[{"href":"https:\/\/dimensionturistica.com\/es\/wp-json\/wp\/v2\/types\/post"}],"author":[{"embeddable":true,"href":"https:\/\/dimensionturistica.com\/es\/wp-json\/wp\/v2\/users\/4"}],"replies":[{"embeddable":true,"href":"https:\/\/dimensionturistica.com\/es\/wp-json\/wp\/v2\/comments?post=1119964"}],"version-history":[{"count":1,"href":"https:\/\/dimensionturistica.com\/es\/wp-json\/wp\/v2\/posts\/1119964\/revisions"}],"predecessor-version":[{"id":1119966,"href":"https:\/\/dimensionturistica.com\/es\/wp-json\/wp\/v2\/posts\/1119964\/revisions\/1119966"}],"wp:featuredmedia":[{"embeddable":true,"href":"https:\/\/dimensionturistica.com\/es\/wp-json\/wp\/v2\/media\/1119965"}],"wp:attachment":[{"href":"https:\/\/dimensionturistica.com\/es\/wp-json\/wp\/v2\/media?parent=1119964"}],"wp:term":[{"taxonomy":"category","embeddable":true,"href":"https:\/\/dimensionturistica.com\/es\/wp-json\/wp\/v2\/categories?post=1119964"},{"taxonomy":"post_tag","embeddable":true,"href":"https:\/\/dimensionturistica.com\/es\/wp-json\/wp\/v2\/tags?post=1119964"}],"curies":[{"name":"wp","href":"https:\/\/api.w.org\/{rel}","templated":true}]}}