{"id":1119863,"date":"2026-03-04T09:35:59","date_gmt":"2026-03-04T09:35:59","guid":{"rendered":"https:\/\/dimensionturistica.com\/es\/?p=1119863"},"modified":"2026-03-04T09:35:59","modified_gmt":"2026-03-04T09:35:59","slug":"andalucia-enviara-a-jerusalen-a-35-peregrinos-andaluces-atrapados-por-el-conflicto-en-iran","status":"publish","type":"post","link":"https:\/\/dimensionturistica.com\/es\/andalucia-enviara-a-jerusalen-a-35-peregrinos-andaluces-atrapados-por-el-conflicto-en-iran\/","title":{"rendered":"Andaluc\u00eda enviar\u00e1 a Jerusal\u00e9n a 35 peregrinos andaluces atrapados por el conflicto en Ir\u00e1n."},"content":{"rendered":"<h3>Peregrinaciones y Esperanza: El Viaje de Andaluc\u00eda a Jerusal\u00e9n<\/h3>\n<p>Andaluc\u00eda, tierra de historia y tradici\u00f3n, est\u00e1 a punto de sumergirse en una traves\u00eda que conecta no solo continentes, sino tambi\u00e9n almas. A trav\u00e9s del intenso y simb\u00f3lico viaje a Jerusal\u00e9n, 35 peregrinos andaluces se preparan para unirse a una causa mayor: llevar un mensaje de paz y esperanza en medio de la adversidad.<\/p>\n<p>Este viaje, que transcurre por Egipto y culmina en la ciudad sagrada de Jerusal\u00e9n, destaca la resiliencia de aquellos que consideran la peregrinaci\u00f3n como un acto espiritual, trascendiendo las barreras geogr\u00e1ficas y culturales. A pesar de la tensi\u00f3n y los conflictos que azotan a Ir\u00e1n y sus alrededores, estos peregrinos representan un v\u00ednculo fuerte entre comunidades y mantienen viva la llama de la fe.<\/p>\n<h3>Celebraci\u00f3n de la Fe y la Diversidad Cultural<\/h3>\n<p>El recorrido no solo es una mera ruta de desplazamiento; es una celebraci\u00f3n de la diversidad cultural que caracteriza a la regi\u00f3n. Desde las majestuosas pir\u00e1mides de Egipto hasta las hist\u00f3ricas murallas de Jerusal\u00e9n, cada paso se convierte en una lecci\u00f3n de historia y humanidad. Los peregrinos andaluces, cuya cultura es un crisol de influencias \u00e1rabes, jud\u00edas y cristianas, encuentran en esta experiencia la oportunidad de conectar sus ra\u00edces con la historia milenaria que rodea a la ciudad santa.<\/p>\n<p>La peregrinaci\u00f3n es un acto que, en su esencia, busca la sanaci\u00f3n. Durante el trayecto, se fomentan la reflexi\u00f3n y el di\u00e1logo entre los participantes, lo que permite un aprendizaje colectivo y un sentido de comunidad esencial en tiempos dif\u00edciles. Este acto de fe se convierte en un s\u00edmbolo de esperanza que trasciende las fronteras f\u00edsicas y espirituales.<\/p>\n<h3>Un Viaje con Prop\u00f3sito: La Evocaci\u00f3n de la Paz<\/h3>\n<p>La llegada a Jerusal\u00e9n no debe ser solo un final, sino m\u00e1s bien un nuevo principio. Los peregrinos andaluces buscan no solamente fortalecer su fe, sino tambi\u00e9n enviar un mensaje claro: donde hay guerra, debe haber paz. Este viaje se convierte en un grito silencioso que resuena en las tierras hist\u00f3ricas, recordando a todos que la unidad y la paz son posibles, incluso en medio del caos.<\/p>\n<p>Los lazos que se forman durante esta experiencia son indudablemente profundos. Cada historia compartida, cada l\u00e1grima derramada y cada sonrisa reflejada en los rostros cansados, son elementos que contribuyen a crear un mosaico de solidaridad y esperanza que, de lejos, puede iluminar los caminos oscuros que enfrenta la humanidad.<\/p>\n<h3>El Futuro de los Viajes Espirituales<\/h3>\n<p>Este viaje de Andaluc\u00eda a Jerusal\u00e9n es un reflejo de c\u00f3mo el turismo puede evolucionar hacia experiencias que trascienden la simple exploraci\u00f3n geogr\u00e1fica. Hay un despertar hacia un tipo de turismo m\u00e1s consciente, que busca el entendimiento mutuo y la conexi\u00f3n entre los pueblos. La espiritualidad se convierte en un motor de cambio, uniendo a personas de diferentes procedencias con un objetivo com\u00fan: buscar la paz y la reconciliaci\u00f3n.<\/p>\n<p>A medida que estas 35 almas emprenden su camino, se espera que su peregrinaci\u00f3n inspire a otros a unirse a la causa de la paz y a abrir sus corazones ante la belleza de la diversidad. Andaluc\u00eda, con su rica herencia y esp\u00edritu indomable, deja una huella imborrable en la historia de los que se atreven a so\u00f1ar con un futuro mejor.<\/p>\n<p>As\u00ed, con cada paso, con cada oraci\u00f3n, estos peregrinos andaluces construyen un puente eterno entre la tradici\u00f3n y la esperanza, iluminando el sendero que no solo conduce a Jerusal\u00e9n, sino tambi\u00e9n a un mundo m\u00e1s unido.<\/p>\n<p><em> &#8221; Sources www.infobae.com &#8221; <\/em><\/p>\n","protected":false},"excerpt":{"rendered":"<p>Peregrinaciones y Esperanza: El Viaje de Andaluc\u00eda a Jerusal\u00e9n Andaluc\u00eda, tierra de historia y tradici\u00f3n, est\u00e1 a punto de sumergirse en una traves\u00eda que conecta no solo continentes, sino tambi\u00e9n almas. A trav\u00e9s del intenso y simb\u00f3lico viaje a Jerusal\u00e9n, 35 peregrinos andaluces se preparan para unirse a una causa mayor: llevar un mensaje de [&hellip;]<\/p>\n","protected":false},"author":4,"featured_media":1119864,"comment_status":"open","ping_status":"closed","sticky":false,"template":"","format":"standard","meta":{"om_disable_all_campaigns":false,"jnews-multi-image_gallery":[],"jnews_single_post":[],"jnews_primary_category":[],"jnews_social_meta":[],"footnotes":""},"categories":[40],"tags":[1182,29587,7425,7620,2156,2171,13529,37227,9796,681],"class_list":["post-1119863","post","type-post","status-publish","format-standard","has-post-thumbnail","hentry","category-industria","tag-andalucia","tag-ayuda-humanitaria","tag-conflicto","tag-egipto","tag-guerra","tag-iran","tag-jerusalen","tag-peregrinos","tag-solidaridad","tag-viaje"],"_links":{"self":[{"href":"https:\/\/dimensionturistica.com\/es\/wp-json\/wp\/v2\/posts\/1119863","targetHints":{"allow":["GET"]}}],"collection":[{"href":"https:\/\/dimensionturistica.com\/es\/wp-json\/wp\/v2\/posts"}],"about":[{"href":"https:\/\/dimensionturistica.com\/es\/wp-json\/wp\/v2\/types\/post"}],"author":[{"embeddable":true,"href":"https:\/\/dimensionturistica.com\/es\/wp-json\/wp\/v2\/users\/4"}],"replies":[{"embeddable":true,"href":"https:\/\/dimensionturistica.com\/es\/wp-json\/wp\/v2\/comments?post=1119863"}],"version-history":[{"count":1,"href":"https:\/\/dimensionturistica.com\/es\/wp-json\/wp\/v2\/posts\/1119863\/revisions"}],"predecessor-version":[{"id":1119865,"href":"https:\/\/dimensionturistica.com\/es\/wp-json\/wp\/v2\/posts\/1119863\/revisions\/1119865"}],"wp:featuredmedia":[{"embeddable":true,"href":"https:\/\/dimensionturistica.com\/es\/wp-json\/wp\/v2\/media\/1119864"}],"wp:attachment":[{"href":"https:\/\/dimensionturistica.com\/es\/wp-json\/wp\/v2\/media?parent=1119863"}],"wp:term":[{"taxonomy":"category","embeddable":true,"href":"https:\/\/dimensionturistica.com\/es\/wp-json\/wp\/v2\/categories?post=1119863"},{"taxonomy":"post_tag","embeddable":true,"href":"https:\/\/dimensionturistica.com\/es\/wp-json\/wp\/v2\/tags?post=1119863"}],"curies":[{"name":"wp","href":"https:\/\/api.w.org\/{rel}","templated":true}]}}