{"id":1119854,"date":"2026-03-04T09:13:43","date_gmt":"2026-03-04T09:13:43","guid":{"rendered":"https:\/\/dimensionturistica.com\/es\/?p=1119854"},"modified":"2026-03-04T09:13:43","modified_gmt":"2026-03-04T09:13:43","slug":"inauguracion-del-ano-de-united-airlines-y-continental-travel-con-sus-principales-clientes-corporativos","status":"publish","type":"post","link":"https:\/\/dimensionturistica.com\/es\/inauguracion-del-ano-de-united-airlines-y-continental-travel-con-sus-principales-clientes-corporativos\/","title":{"rendered":"Inauguraci\u00f3n del A\u00f1o de United Airlines y Continental Travel con sus Principales Clientes Corporativos"},"content":{"rendered":"<p><strong>Un Nuevo Horizonte en la Conectividad Aerocomercial<\/strong><\/p>\n<p>En un mundo cada vez m\u00e1s interconectado, el sector de las aerol\u00edneas contin\u00faa adapt\u00e1ndose a las nuevas exigencias del mercado. Recientemente, United Airlines y Continental Travel marcaron el inicio de un a\u00f1o lleno de expectativas en la industria del turismo corporativo con un evento que reuni\u00f3 a destacadas cuentas corporativas. Este encuentro no solo mostr\u00f3 la importancia de las alianzas estrat\u00e9gicas, sino que tambi\u00e9n evidenci\u00f3 las innovaciones y servicios que estas empresas ofrecen para facilitar los viajes de negocios.<\/p>\n<p>El kick-off del a\u00f1o, realizado en un ambiente de camarader\u00eda y profesionalismo, se convirti\u00f3 en una plataforma ideal para que los representantes de ambas empresas presentaran las \u00faltimas novedades en vuelos, programas de fidelizaci\u00f3n y servicios personalizados. La atenci\u00f3n al cliente y la adaptabilidad son ahora m\u00e1s necesarias que nunca, y estas aerol\u00edneas se han comprometido a brindar experiencias \u00fanicas que se adapten a las necesidades de los viajeros de negocios.<\/p>\n<p>Uno de los puntos destacados del evento fue la presentaci\u00f3n de nuevas rutas que ampliar\u00e1n la red de conexiones, permitiendo a los viajeros acceder a una mayor variedad de destinos tanto nacionales como internacionales. En un entorno globalizado, este tipo de conexiones son esenciales para fomentar el crecimiento empresarial y facilitar la colaboraci\u00f3n entre diferentes mercados.<\/p>\n<p>Adem\u00e1s, se abordaron temas como la sostenibilidad y las pr\u00e1cticas responsables que ambas compa\u00f1\u00edas est\u00e1n implementando para reducir su huella de carbono. Este enfoque no solo responde a las demandas de un p\u00fablico m\u00e1s consciente, sino que tambi\u00e9n posiciona a United Airlines y Continental Travel como l\u00edderes en la industria, comprometidos con un futuro m\u00e1s sostenible.<\/p>\n<p>El evento fue tambi\u00e9n un espacio propicio para el intercambio de ideas y experiencias. Los asistentes tuvieron la oportunidad de establecer contactos y compartir sus expectativas sobre el futuro del turismo corporativo. La interacci\u00f3n personal en un contexto profesional, especialmente tras los a\u00f1os de distanciamiento social, revitaliz\u00f3 la conexi\u00f3n entre las empresas y sus clientes, creando sinergias que seguramente beneficiar\u00e1n a todos los involucrados.<\/p>\n<p>En conclusi\u00f3n, el primer kick-off del a\u00f1o no fue solo un inicio, sino un compromiso renovado hacia la excelencia y la innovaci\u00f3n en los viajes. United Airlines y Continental Travel se muestran dispuestas a enfrentar los nuevos desaf\u00edos del sector, manteniendo siempre al viajero en el centro de sus estrategias. Con estas iniciativas, el futuro del turismo corporativo parece m\u00e1s prometedor que nunca, invitando a los viajeros a explorar nuevas oportunidades y destinos en un mundo lleno de posibilidades.<\/p>\n<p><em> &#8221; Sources surtido.pe &#8221; <\/em><\/p>\n","protected":false},"excerpt":{"rendered":"<p>Un Nuevo Horizonte en la Conectividad Aerocomercial En un mundo cada vez m\u00e1s interconectado, el sector de las aerol\u00edneas contin\u00faa adapt\u00e1ndose a las nuevas exigencias del mercado. Recientemente, United Airlines y Continental Travel marcaron el inicio de un a\u00f1o lleno de expectativas en la industria del turismo corporativo con un evento que reuni\u00f3 a destacadas [&hellip;]<\/p>\n","protected":false},"author":4,"featured_media":1119855,"comment_status":"open","ping_status":"closed","sticky":false,"template":"","format":"standard","meta":{"om_disable_all_campaigns":false,"jnews-multi-image_gallery":[],"jnews_single_post":[],"jnews_primary_category":[],"jnews_social_meta":[],"footnotes":""},"categories":[40],"tags":[803,4569,199242,4880,269984,723,117908,1935,1780,545],"class_list":["post-1119854","post","type-post","status-publish","format-standard","has-post-thumbnail","hentry","category-industria","tag-aerolineas","tag-colaboracion","tag-continental-travel","tag-corporativo","tag-cuentas-principales","tag-evento","tag-kick-off","tag-negocios","tag-united-airlines","tag-viajes"],"_links":{"self":[{"href":"https:\/\/dimensionturistica.com\/es\/wp-json\/wp\/v2\/posts\/1119854","targetHints":{"allow":["GET"]}}],"collection":[{"href":"https:\/\/dimensionturistica.com\/es\/wp-json\/wp\/v2\/posts"}],"about":[{"href":"https:\/\/dimensionturistica.com\/es\/wp-json\/wp\/v2\/types\/post"}],"author":[{"embeddable":true,"href":"https:\/\/dimensionturistica.com\/es\/wp-json\/wp\/v2\/users\/4"}],"replies":[{"embeddable":true,"href":"https:\/\/dimensionturistica.com\/es\/wp-json\/wp\/v2\/comments?post=1119854"}],"version-history":[{"count":1,"href":"https:\/\/dimensionturistica.com\/es\/wp-json\/wp\/v2\/posts\/1119854\/revisions"}],"predecessor-version":[{"id":1119856,"href":"https:\/\/dimensionturistica.com\/es\/wp-json\/wp\/v2\/posts\/1119854\/revisions\/1119856"}],"wp:featuredmedia":[{"embeddable":true,"href":"https:\/\/dimensionturistica.com\/es\/wp-json\/wp\/v2\/media\/1119855"}],"wp:attachment":[{"href":"https:\/\/dimensionturistica.com\/es\/wp-json\/wp\/v2\/media?parent=1119854"}],"wp:term":[{"taxonomy":"category","embeddable":true,"href":"https:\/\/dimensionturistica.com\/es\/wp-json\/wp\/v2\/categories?post=1119854"},{"taxonomy":"post_tag","embeddable":true,"href":"https:\/\/dimensionturistica.com\/es\/wp-json\/wp\/v2\/tags?post=1119854"}],"curies":[{"name":"wp","href":"https:\/\/api.w.org\/{rel}","templated":true}]}}