{"id":1119728,"date":"2026-03-04T02:17:33","date_gmt":"2026-03-04T02:17:33","guid":{"rendered":"https:\/\/dimensionturistica.com\/es\/?p=1119728"},"modified":"2026-03-04T02:17:33","modified_gmt":"2026-03-04T02:17:33","slug":"atrapados-en-el-yate-durante-el-conflicto","status":"publish","type":"post","link":"https:\/\/dimensionturistica.com\/es\/atrapados-en-el-yate-durante-el-conflicto\/","title":{"rendered":"Atrapados en el yate durante el conflicto."},"content":{"rendered":"<h3>Navegando en Tiempos de Conflicto: Una Experiencia Inesperada en el Mar<\/h3>\n<p>En el vasto oc\u00e9ano, donde las olas susurran historias de navegantes y exploradores, un grupo de turistas se encontr\u00f3 inmerso en una experiencia que jam\u00e1s imagin\u00f3 vivir: un viaje en yate transformado en una inesperada odisea de incertidumbre y supervivencia. La serenidad del mar se torn\u00f3 en un escenario de tensi\u00f3n, record\u00e1ndonos que incluso en los momentos de ocio, el destino puede tomar giros sorprendentes.<\/p>\n<p>La traves\u00eda comenz\u00f3 con la emoci\u00f3n habitual de un viaje mar\u00edtimo: la brisa suave, el sonido del oleaje y la promesa de d\u00edas soleados. Los pasajeros, \u00e1vidos de explorar lugares remotos y disfrutar de la tranquilidad del oc\u00e9ano, se acomodaban en sus lujosos camarotes, sin presagiar que su aventura pronto se tornar\u00eda en un relato que contar\u00edan por el resto de sus vidas. Mientras las velas se alzaban y el yate deslizaba suavemente por las aguas, el ambiente estaba lleno de risas y camarader\u00eda.<\/p>\n<p>Sin embargo, el horizonte se oscureci\u00f3 con la llegada de una noticia inesperada: la inestabilidad pol\u00edtica en la regi\u00f3n. Aunque inicialmente la informaci\u00f3n parec\u00eda lejana, una serie de eventos se desataron r\u00e1pidamente, llevando a los pasajeros a una situaci\u00f3n de aislamiento. Lo que hab\u00eda sido un viaje de jubilaci\u00f3n se transform\u00f3 en un drama en el que todos deb\u00edan permanecer calmados ante la adversidad.<\/p>\n<p>La experiencia vivi\u00f3 un giro radical al ver c\u00f3mo los lujos del yate se convert\u00edan en refugio y, a la vez, en prisi\u00f3n. Las interacciones entre los pasajeros cambiaron; la ansiedad se mezcl\u00f3 con la solidaridad y se formaron lazos inesperados. Historias de vida, risas nerviosas y un sentido renovado de comunidad emergieron en medio de la crisis. La comida compartida en las cenas, ahora se convert\u00eda en un ritual que un\u00eda a los pasajeros, mientras el horizonte parec\u00eda m\u00e1s distante.<\/p>\n<p>Este viaje a trav\u00e9s de la incertidumbre tambi\u00e9n revel\u00f3 el desaf\u00edo de mantenerse informados en una situaci\u00f3n en la que la comunicaci\u00f3n con el exterior se torn\u00f3 incierta. Un sentido de responsabilidad colectiva creci\u00f3 entre los pasajeros, quienes se apoyaban mutuamente para sobrellevar la incertidumbre. Con cada amanecer, la esperanza de regresar a tierra firme se renovaba, pero las condiciones pol\u00edticas cambiantes continuaban imponiendo una sombra sobre el horizonte.<\/p>\n<p>En medio de la angustia y la espera, los ocupantes del yate redescubrieron la belleza del mar. Las puestas de sol, antes simples momentos de contemplaci\u00f3n, se transformaron en s\u00edmbolos de resistencia y serenidad. Cada ola, cada brisa, recordaba que, a pesar de las dificultades, la naturaleza sigue siendo un antidoto a la tensi\u00f3n. <\/p>\n<p>Finalmente, tras d\u00edas de expectativa y adaptaciones, se present\u00f3 la oportunidad de regresar a tierra. La mayor\u00eda de los pasajeros sintieron una mezcla de alivio y nostalgia. Lo que comenz\u00f3 como unas vacaciones relajantes se convirti\u00f3 en un viaje emocional y transformador, dejando lecciones sobre la resiliencia y la fortaleza humana. <\/p>\n<p>Este relato, aunque ins\u00f3lito, recuerda que el turismo no siempre se trata solo de sol y playas paradisiacas. A veces, las experiencias m\u00e1s profundas y significativas surgen en los momentos de desaf\u00edo. Al final, cada uno de estos viajeros regres\u00f3 a casa con m\u00e1s que recuerdos; cargaban consigo una conexi\u00f3n humana reforzada y un viaje que desafiaba las convenciones de lo que realmente significa navegar en estos tiempos. <\/p>\n<p>As\u00ed, quien se atreva a buscar el mar ha de recordar llevar en su equipaje la capacidad de adaptaci\u00f3n y la apertura a lo inesperado. Despu\u00e9s de todo, en la vida como en la navegaci\u00f3n, el rumbo puede cambiar en un instante, y las historias m\u00e1s ricas son aquellas que se tejen en las aguas de lo imprevisto.<\/p>\n<p><em> &#8221; Fuentes columnadigital.com &#8221; <\/em><\/p>\n","protected":false},"excerpt":{"rendered":"<p>Navegando en Tiempos de Conflicto: Una Experiencia Inesperada en el Mar En el vasto oc\u00e9ano, donde las olas susurran historias de navegantes y exploradores, un grupo de turistas se encontr\u00f3 inmerso en una experiencia que jam\u00e1s imagin\u00f3 vivir: un viaje en yate transformado en una inesperada odisea de incertidumbre y supervivencia. La serenidad del mar [&hellip;]<\/p>\n","protected":false},"author":4,"featured_media":1119729,"comment_status":"open","ping_status":"closed","sticky":false,"template":"","format":"standard","meta":{"om_disable_all_campaigns":false,"jnews-multi-image_gallery":[],"jnews_single_post":[],"jnews_primary_category":[],"jnews_social_meta":[],"footnotes":""},"categories":[39],"tags":[21556,13687,233985,7425,82365,489,269934,129674,2156,85390,28228,5725,5755,23952,74938,13327],"class_list":["post-1119728","post","type-post","status-publish","format-standard","has-post-thumbnail","hentry","category-viajes","tag-atrapados","tag-aventura","tag-columna-digital","tag-conflicto","tag-dimension-turistica","tag-drama","tag-encerrados","tag-escapismo","tag-guerra","tag-intriga","tag-magazine","tag-oriente-medio","tag-supervivencia","tag-superyate","tag-suspenso","tag-yate"],"_links":{"self":[{"href":"https:\/\/dimensionturistica.com\/es\/wp-json\/wp\/v2\/posts\/1119728","targetHints":{"allow":["GET"]}}],"collection":[{"href":"https:\/\/dimensionturistica.com\/es\/wp-json\/wp\/v2\/posts"}],"about":[{"href":"https:\/\/dimensionturistica.com\/es\/wp-json\/wp\/v2\/types\/post"}],"author":[{"embeddable":true,"href":"https:\/\/dimensionturistica.com\/es\/wp-json\/wp\/v2\/users\/4"}],"replies":[{"embeddable":true,"href":"https:\/\/dimensionturistica.com\/es\/wp-json\/wp\/v2\/comments?post=1119728"}],"version-history":[{"count":1,"href":"https:\/\/dimensionturistica.com\/es\/wp-json\/wp\/v2\/posts\/1119728\/revisions"}],"predecessor-version":[{"id":1119730,"href":"https:\/\/dimensionturistica.com\/es\/wp-json\/wp\/v2\/posts\/1119728\/revisions\/1119730"}],"wp:featuredmedia":[{"embeddable":true,"href":"https:\/\/dimensionturistica.com\/es\/wp-json\/wp\/v2\/media\/1119729"}],"wp:attachment":[{"href":"https:\/\/dimensionturistica.com\/es\/wp-json\/wp\/v2\/media?parent=1119728"}],"wp:term":[{"taxonomy":"category","embeddable":true,"href":"https:\/\/dimensionturistica.com\/es\/wp-json\/wp\/v2\/categories?post=1119728"},{"taxonomy":"post_tag","embeddable":true,"href":"https:\/\/dimensionturistica.com\/es\/wp-json\/wp\/v2\/tags?post=1119728"}],"curies":[{"name":"wp","href":"https:\/\/api.w.org\/{rel}","templated":true}]}}