{"id":1119715,"date":"2026-03-04T01:54:37","date_gmt":"2026-03-04T01:54:37","guid":{"rendered":"https:\/\/dimensionturistica.com\/es\/?p=1119715"},"modified":"2026-03-04T01:54:37","modified_gmt":"2026-03-04T01:54:37","slug":"repatrio-de-viajeros-en-el-medio-oriente-tras-el-aumento-del-conflicto-belico","status":"publish","type":"post","link":"https:\/\/dimensionturistica.com\/es\/repatrio-de-viajeros-en-el-medio-oriente-tras-el-aumento-del-conflicto-belico\/","title":{"rendered":"Repatrio de viajeros en el Medio Oriente tras el aumento del conflicto b\u00e9lico"},"content":{"rendered":"<h3>Turistas en el Umbral: La Repatriaci\u00f3n en Tiempos de Conflicto<\/h3>\n<p>En un giro inesperado del destino, las tensiones en Oriente Medio han llevado a muchos turistas a encontrarse en situaciones complicadas, obligando a gobiernos y a la industria del turismo a movilizar esfuerzos para asegurar su regreso a casa. Este fen\u00f3meno, marcado por la escalada de conflictos, ha resaltado la fragilidad del viaje en \u00e1reas geogr\u00e1ficas donde la paz es una condici\u00f3n precaria.<\/p>\n<p>A medida que las advertencias de viaje se intensifican, las aerol\u00edneas y los gobiernos se han visto en la necesidad de organizar vuelos de repatriaci\u00f3n. Esta iniciativa, aunque es una medida urgente, plantea preguntas fundamentales sobre la seguridad de los viajantes y la responsabilidad de los operadores tur\u00edsticos. Las experiencias vividas por estos turistas, que se han visto interrumpidas de manera abrupta, son un recordatorio de que el turismo no solo es una forma de escapar, sino tambi\u00e9n de conectarse con culturas diferentes, a veces en momentos donde la adversidad acecha.<\/p>\n<p>Los relatos de quienes han experimentado esta situaci\u00f3n son diversos y llenos de emociones. Algunos mencionan el miedo y la incertidumbre, mientras que otros enfatizan el sentido de comunidad que se ha formado entre los viajeros. Compartir espacios y preocupaciones ha creado v\u00ednculos inesperados, convirtiendo una experiencia potencialmente traum\u00e1tica en una oportunidad para el entendimiento mutuo y la solidaridad.<\/p>\n<p>Desde el punto de vista de la industria, esta serie de repatriaciones tambi\u00e9n ha comportado retos significativos. Las aerol\u00edneas y tour operadores han tenido que adaptarse r\u00e1pidamente a la nueva realidad, reorganizando itinerarios e implementando medidas de seguridad m\u00e1s estrictas. La capacidad de respuesta no solo demuestra la resiliencia del sector, sino que tambi\u00e9n pone de manifiesto la importancia de contar con planes de contingencia s\u00f3lidos.<\/p>\n<p>Para los futuros viajeros, este periodo incierto recalca la necesidad de estar bien informados antes de embarcarse en una aventura. Al elegir un destino, es fundamental considerar no solo las atracciones tur\u00edsticas, sino tambi\u00e9n el contexto pol\u00edtico y social del lugar. El hecho de que las condiciones de seguridad puedan cambiar de un d\u00eda para otro resalta la importancia de contar con seguros de viaje adecuados y de estar al tanto de las recomendaciones de las autoridades.<\/p>\n<p>A medida que el mundo vuelve a adaptar su mirada hacia el turismo, es vital recordar que cada viaje lleva consigo una responsabilidad no solo para el viajero, sino tambi\u00e9n hacia las comunidades que se visitan. La comprensi\u00f3n y el respeto por las culturas, incluso en tiempos complicados, son esenciales para fomentar un turismo sostenible y consciente.<\/p>\n<p>Finalmente, mientras los turistas repatriados regresan a sus hogares, se abren nuevas posibilidades para el futuro del turismo en Oriente Medio. Los esfuerzos por restaurar la confianza en viajar y la seguridad en destinos afectados ser\u00e1n claves. Tal vez, en medio de la adversidad, el deseo de conexi\u00f3n humana y la curiosidad cultural prevalezcan, impulsando un nuevo tipo de turismo que, aunque consciente de los riesgos, est\u00e9 decidido a seguir explorando el mundo.<\/p>\n<p><em> &#8221; Sources www.hosteltur.com &#8221; <\/em><\/p>\n","protected":false},"excerpt":{"rendered":"<p>Turistas en el Umbral: La Repatriaci\u00f3n en Tiempos de Conflicto En un giro inesperado del destino, las tensiones en Oriente Medio han llevado a muchos turistas a encontrarse en situaciones complicadas, obligando a gobiernos y a la industria del turismo a movilizar esfuerzos para asegurar su regreso a casa. Este fen\u00f3meno, marcado por la escalada [&hellip;]<\/p>\n","protected":false},"author":4,"featured_media":1119716,"comment_status":"open","ping_status":"closed","sticky":false,"template":"","format":"standard","meta":{"om_disable_all_campaigns":false,"jnews-multi-image_gallery":[],"jnews_single_post":[],"jnews_primary_category":[],"jnews_social_meta":[],"footnotes":""},"categories":[40],"tags":[41689,7425,253876,44799,4195,715,10905,229670,13005,23997,2171,5725,4543,20215,986,2986,570,545,11530],"class_list":["post-1119715","post","type-post","status-publish","format-standard","has-post-thumbnail","hentry","category-industria","tag-abu-dhabi","tag-conflicto","tag-dertour-group","tag-diplomacia","tag-dubai","tag-economia","tag-emiratos-arabes-unidos","tag-escalada-belica","tag-evacuacion","tag-golfo-persico","tag-iran","tag-oriente-medio","tag-qatar","tag-repatriacion","tag-seguridad","tag-tui-group","tag-turistas","tag-viajes","tag-vuelos-cancelados"],"_links":{"self":[{"href":"https:\/\/dimensionturistica.com\/es\/wp-json\/wp\/v2\/posts\/1119715","targetHints":{"allow":["GET"]}}],"collection":[{"href":"https:\/\/dimensionturistica.com\/es\/wp-json\/wp\/v2\/posts"}],"about":[{"href":"https:\/\/dimensionturistica.com\/es\/wp-json\/wp\/v2\/types\/post"}],"author":[{"embeddable":true,"href":"https:\/\/dimensionturistica.com\/es\/wp-json\/wp\/v2\/users\/4"}],"replies":[{"embeddable":true,"href":"https:\/\/dimensionturistica.com\/es\/wp-json\/wp\/v2\/comments?post=1119715"}],"version-history":[{"count":1,"href":"https:\/\/dimensionturistica.com\/es\/wp-json\/wp\/v2\/posts\/1119715\/revisions"}],"predecessor-version":[{"id":1119718,"href":"https:\/\/dimensionturistica.com\/es\/wp-json\/wp\/v2\/posts\/1119715\/revisions\/1119718"}],"wp:featuredmedia":[{"embeddable":true,"href":"https:\/\/dimensionturistica.com\/es\/wp-json\/wp\/v2\/media\/1119716"}],"wp:attachment":[{"href":"https:\/\/dimensionturistica.com\/es\/wp-json\/wp\/v2\/media?parent=1119715"}],"wp:term":[{"taxonomy":"category","embeddable":true,"href":"https:\/\/dimensionturistica.com\/es\/wp-json\/wp\/v2\/categories?post=1119715"},{"taxonomy":"post_tag","embeddable":true,"href":"https:\/\/dimensionturistica.com\/es\/wp-json\/wp\/v2\/tags?post=1119715"}],"curies":[{"name":"wp","href":"https:\/\/api.w.org\/{rel}","templated":true}]}}