{"id":1119666,"date":"2026-03-03T22:30:20","date_gmt":"2026-03-03T22:30:20","guid":{"rendered":"https:\/\/dimensionturistica.com\/es\/?p=1119666"},"modified":"2026-03-03T22:30:20","modified_gmt":"2026-03-03T22:30:20","slug":"las-estrellas-brillando-en-la-primera-fila-de-la-semana-de-la-moda-en-paris","status":"publish","type":"post","link":"https:\/\/dimensionturistica.com\/es\/las-estrellas-brillando-en-la-primera-fila-de-la-semana-de-la-moda-en-paris\/","title":{"rendered":"Las Estrellas Brillando en la Primera Fila de la Semana de la Moda en Par\u00eds"},"content":{"rendered":"<h3>Las Estrellas en la Primera Fila de la Semana de la Moda de Par\u00eds Oto\u00f1o 2026<\/h3>\n<p>La Semana de la Moda de Par\u00eds es un evento que trasciende el \u00e1mbito de la pasarela y se convierte en un v\u00ednculo visual entre la alta costura y la cultura pop. Cada temporada, la primera fila se convierte en un espect\u00e1culo por s\u00ed mismo, donde una multitud de celebridades muestran sus elecciones de estilo, generando tendencias que resonar\u00e1n mucho despu\u00e9s de que los \u00faltimos modelos abandonen la pasarela.<\/p>\n<p>Este a\u00f1o, la atenci\u00f3n se centr\u00f3 en una serie de personalidades emblem\u00e1ticas que no solo aportaron su estilo \u00fanico, sino que tambi\u00e9n elevaron el glamour del evento, capturando la esencia del dise\u00f1o contempor\u00e1neo. Actrices, m\u00fasicos y figuras del espect\u00e1culo se dieron cita, cada una con un enfoque distinto que reflejaba su identidad y conexi\u00f3n con la moda.<\/p>\n<p>Entre los rostros m\u00e1s destacados, nombres como <strong>Zendaya<\/strong>, <strong>Timoth\u00e9e Chalamet<\/strong> y <strong>Rihanna<\/strong> brillaron intensamente bajo las luces de Par\u00eds. Cada uno de ellos se atrevi\u00f3 a explorar nuevas paletas de colores y siluetas audaces, desafiando las expectativas y redefiniendo lo que significa ser una influencer de estilo en el mundo actual. La elecci\u00f3n de prendas se caracteriz\u00f3 por una mezcla de vintage y vanguardia, donde los detalles meticulosos y las texturas innovadoras se convirtieron en el centro de atenci\u00f3n.<\/p>\n<p><strong>Zendaya<\/strong>, siempre en la b\u00fasqueda de empoderar su imagen, fue vista con un conjunto que equilibraba la sofisticaci\u00f3n con un toque de originalidad. Su elecci\u00f3n de estampados y accesorios impactantes hizo eco de su capacidad para romper esquemas y atraer miradas. Timoth\u00e9e, por su parte, continu\u00f3 con su firma de estilo andr\u00f3gino y fresco, optando por una mezcla de elementos formales y casuales que fascinaron a cr\u00edticos y fans por igual.<\/p>\n<p>La aparici\u00f3n de <strong>Rihanna<\/strong>, conocida por crear tendencia en cada aparici\u00f3n p\u00fablica, no tard\u00f3 en causar revuelo. Su elecci\u00f3n osada de vestuario, una pieza que combinaba elegancia y audacia, se convirti\u00f3 en el tema de conversaci\u00f3n en redes sociales casi inmediatamente. La combinaci\u00f3n de su estilo inconfundible con la creatividad insaciable de los dise\u00f1adores contempor\u00e1neos reafirm\u00f3 su estatus como un \u00edcono moderno.<\/p>\n<p>M\u00e1s all\u00e1 de las elecciones individuales, los patrones de estilo emergentes en la primera fila sugirieron una tendencia colectiva hacia la individualidad y la autoexpresi\u00f3n. Celebridades como <strong>Florence Pugh<\/strong> y <strong>Jared Leto<\/strong> completaron la lista de asistentes con sus elecciones de atuendos igualmente impactantes, cada uno reafirmando la noci\u00f3n de que la moda es, ante todo, una forma de arte y un medio de comunicaci\u00f3n.<\/p>\n<p>Y no se puede olvidar el rol crucial que juegan los fot\u00f3grafos y el p\u00fablico, quienes no perdieron la oportunidad de capturar cada look. Las im\u00e1genes se viralizaron r\u00e1pidamente, convirtiendo cada atuendo en tema de an\u00e1lisis y admiraci\u00f3n. Hashtags como #PFW2026 y #FrontRow hicieron eco en plataformas digitales, creando una conversaci\u00f3n global en torno a la moda que se extiende m\u00e1s all\u00e1 del evento mismo.<\/p>\n<p>La magia de la Semana de la Moda de Par\u00eds no radica \u00fanicamente en las pasarelas, sino en la interacci\u00f3n entre la moda y la cultura visual contempor\u00e1nea. La primera fila no es solo un asiento privilegiado; es el epicentro de un fen\u00f3meno que celebra la creatividad y la audacia en la autoexpresi\u00f3n a trav\u00e9s de la moda. Cada presencia es un recordatorio de que la moda sigue evolucionando, ligada a las personalidades que la llevan y la interpretan. As\u00ed, la primera fila se reafirma como el glorioso crisol donde el arte, la cultura y la moda se entrelazan en un instante eterno.<\/p>\n<p><em> &#8221; Fuentes www.vogue.com &#8221; <\/em><\/p>\n","protected":false},"excerpt":{"rendered":"<p>Las Estrellas en la Primera Fila de la Semana de la Moda de Par\u00eds Oto\u00f1o 2026 La Semana de la Moda de Par\u00eds es un evento que trasciende el \u00e1mbito de la pasarela y se convierte en un v\u00ednculo visual entre la alta costura y la cultura pop. Cada temporada, la primera fila se convierte [&hellip;]<\/p>\n","protected":false},"author":14,"featured_media":1119667,"comment_status":"open","ping_status":"closed","sticky":false,"template":"","format":"standard","meta":{"om_disable_all_campaigns":false,"jnews-multi-image_gallery":[],"jnews_single_post":[],"jnews_primary_category":[],"jnews_social_meta":[],"footnotes":""},"categories":[144872],"tags":[237,132238,50180,166,176057,76796,192704,204909,94447,217117,372,6194],"class_list":["post-1119666","post","type-post","status-publish","format-standard","has-post-thumbnail","hentry","category-fashion","tag-celebrity","tag-digital_syndication","tag-events","tag-fashion","tag-front-row","tag-glamour","tag-haute-couture","tag-paris-fashion-week","tag-runway","tag-storytypenews-trending","tag-style","tag-trends"],"_links":{"self":[{"href":"https:\/\/dimensionturistica.com\/es\/wp-json\/wp\/v2\/posts\/1119666","targetHints":{"allow":["GET"]}}],"collection":[{"href":"https:\/\/dimensionturistica.com\/es\/wp-json\/wp\/v2\/posts"}],"about":[{"href":"https:\/\/dimensionturistica.com\/es\/wp-json\/wp\/v2\/types\/post"}],"author":[{"embeddable":true,"href":"https:\/\/dimensionturistica.com\/es\/wp-json\/wp\/v2\/users\/14"}],"replies":[{"embeddable":true,"href":"https:\/\/dimensionturistica.com\/es\/wp-json\/wp\/v2\/comments?post=1119666"}],"version-history":[{"count":1,"href":"https:\/\/dimensionturistica.com\/es\/wp-json\/wp\/v2\/posts\/1119666\/revisions"}],"predecessor-version":[{"id":1119668,"href":"https:\/\/dimensionturistica.com\/es\/wp-json\/wp\/v2\/posts\/1119666\/revisions\/1119668"}],"wp:featuredmedia":[{"embeddable":true,"href":"https:\/\/dimensionturistica.com\/es\/wp-json\/wp\/v2\/media\/1119667"}],"wp:attachment":[{"href":"https:\/\/dimensionturistica.com\/es\/wp-json\/wp\/v2\/media?parent=1119666"}],"wp:term":[{"taxonomy":"category","embeddable":true,"href":"https:\/\/dimensionturistica.com\/es\/wp-json\/wp\/v2\/categories?post=1119666"},{"taxonomy":"post_tag","embeddable":true,"href":"https:\/\/dimensionturistica.com\/es\/wp-json\/wp\/v2\/tags?post=1119666"}],"curies":[{"name":"wp","href":"https:\/\/api.w.org\/{rel}","templated":true}]}}