{"id":1119553,"date":"2026-03-03T18:00:06","date_gmt":"2026-03-03T18:00:06","guid":{"rendered":"https:\/\/dimensionturistica.com\/es\/?p=1119553"},"modified":"2026-03-03T18:00:06","modified_gmt":"2026-03-03T18:00:06","slug":"despues-del-jubileo-el-papa-retoma-sus-giras-internacionales","status":"publish","type":"post","link":"https:\/\/dimensionturistica.com\/es\/despues-del-jubileo-el-papa-retoma-sus-giras-internacionales\/","title":{"rendered":"Despu\u00e9s del Jubileo, el Papa retoma sus giras internacionales."},"content":{"rendered":"<p><strong>Un Nuevo Cap\u00edtulo en los Viajes Papales: Un Llamado a la Periferia<\/strong><\/p>\n<p>El mundo ha sido testigo de un cambio significativo en la agenda del Vaticano, especialmente tras el Jubileo. Despu\u00e9s de un tiempo de restricciones, el Papa Francisco ha decidido retomar sus viajes, un movimiento que no solo toca el coraz\u00f3n de miles de fieles, sino que tambi\u00e9n resuena con la posibilidad de un mundo m\u00e1s unido.<\/p>\n<p>El deseo del Pont\u00edfice de salir al encuentro de las comunidades m\u00e1s necesitadas es un pilar importante de su pontificado. Sus viajes no son simplemente visitas; son un mensaje poderoso dirigido a quienes viven en la periferia, tanto geogr\u00e1fica como espiritual. Esta intenci\u00f3n de acercarse a los rechazos sociales y a las heridas del mundo presenta una oportunidad \u00fanica para el turismo religioso.<\/p>\n<p>Durante sus recorridos, el Papa ha dejado una huella indeleble en los lugares que ha visitado, elevando el turismo en esas regiones. Su presencia no solo atrae a miles de peregrinos, sino que tambi\u00e9n impulsa la econom\u00eda local, proporcionando un beneficio tangible a muchas comunidades que dependen del flujo de visitantes. Este es el caso de ciudades que, a menudo olvidadas, ven renacer su identidad y su sentido de pertenencia a trav\u00e9s de estos encuentros.<\/p>\n<p>Pero, \u00bfqu\u00e9 significa realmente la reanudaci\u00f3n de estos viajes en el contexto actual? En un mundo marcado por la polarizaci\u00f3n y la divisi\u00f3n, las palabras y acciones del Papa son un llamado a la unidad. En cada discurso y en cada gesto, transmite un mensaje de esperanza, invitando a todos a construir puentes y no muros.<\/p>\n<p>A medida que se programan nuevos destinos para los pr\u00f3ximos a\u00f1os, los entusiastas del turismo religioso tienen la oportunidad de explorar no solo lugares de fe, sino tambi\u00e9n el rico patrimonio cultural que estos destinos ofrecen. Las ciudades que acogen al Papa suelen ser cristales de historia, arte y tradici\u00f3n, ofreciendo mucho m\u00e1s que solo su relevancia religiosa.<\/p>\n<p>Las visitas papales se convierten en un recordatorio de que el viaje no es solo f\u00edsico, sino tambi\u00e9n espiritual. Los fieles que lo siguen encuentran en estos encuentros una renovaci\u00f3n de su fe y un impulso para llevar un mensaje de paz y amor a sus respectivas comunidades. Este fen\u00f3meno invita a los viajeros a contemplar su propia vida, reflexionando sobre el impacto que pueden tener en el mundo que los rodea.<\/p>\n<p>Mientras el Papa planifica sus pr\u00f3ximos destinos, el impacto de estos viajes se siente m\u00e1s all\u00e1 de las fronteras del Vaticano. Se trata de un impulso hacia un futuro donde la compasi\u00f3n y la fraternidad son la norma, y cada peregrino se convierte en un portador de esperanza en su propio viaje.<\/p>\n<p>As\u00ed que, si alguna vez has sentido el llamado a hacer un viaje que trascienda los simples destinos tur\u00edsticos, la oportunidad de seguir las huellas del Papa nunca ha sido tan atractiva. Viajar con un prop\u00f3sito puede cambiar no solo tu perspectiva, sino tambi\u00e9n el curso de la vida de aquellos que encuentres en el camino. En cada paso, una oportunidad para renovar la fe, para descubrir historias e involucrarse con la comunidad. <\/p>\n<p>La reanudaci\u00f3n de los viajes del Papa es una invitaci\u00f3n a explorar, entender y, sobre todo, a conectar. En un mundo que anhela unidad, sus viajes no solo abren rutas en el mapa, sino tambi\u00e9n en el coraz\u00f3n de la humanidad.<\/p>\n<p><em> &#8221; Fuentes noticias.jesuitas.pe &#8221; <\/em><\/p>\n","protected":false},"excerpt":{"rendered":"<p>Un Nuevo Cap\u00edtulo en los Viajes Papales: Un Llamado a la Periferia El mundo ha sido testigo de un cambio significativo en la agenda del Vaticano, especialmente tras el Jubileo. Despu\u00e9s de un tiempo de restricciones, el Papa Francisco ha decidido retomar sus viajes, un movimiento que no solo toca el coraz\u00f3n de miles de [&hellip;]<\/p>\n","protected":false},"author":4,"featured_media":1119554,"comment_status":"open","ping_status":"closed","sticky":false,"template":"","format":"standard","meta":{"om_disable_all_campaigns":false,"jnews-multi-image_gallery":[],"jnews_single_post":[],"jnews_primary_category":[],"jnews_social_meta":[],"footnotes":""},"categories":[39],"tags":[198232,662,269913,724,116805,220014,2260,467,269182,20272,13855],"class_list":["post-1119553","post","type-post","status-publish","format-standard","has-post-thumbnail","hentry","category-viajes","tag-catolicismo","tag-cultura","tag-el-papa-reanuda-sus-viajes","tag-eventos","tag-jubileo","tag-liderazgo-religioso","tag-papa","tag-religion","tag-tras-el-jubileo","tag-turismo-religioso","tag-viajes-papales"],"_links":{"self":[{"href":"https:\/\/dimensionturistica.com\/es\/wp-json\/wp\/v2\/posts\/1119553","targetHints":{"allow":["GET"]}}],"collection":[{"href":"https:\/\/dimensionturistica.com\/es\/wp-json\/wp\/v2\/posts"}],"about":[{"href":"https:\/\/dimensionturistica.com\/es\/wp-json\/wp\/v2\/types\/post"}],"author":[{"embeddable":true,"href":"https:\/\/dimensionturistica.com\/es\/wp-json\/wp\/v2\/users\/4"}],"replies":[{"embeddable":true,"href":"https:\/\/dimensionturistica.com\/es\/wp-json\/wp\/v2\/comments?post=1119553"}],"version-history":[{"count":1,"href":"https:\/\/dimensionturistica.com\/es\/wp-json\/wp\/v2\/posts\/1119553\/revisions"}],"predecessor-version":[{"id":1119555,"href":"https:\/\/dimensionturistica.com\/es\/wp-json\/wp\/v2\/posts\/1119553\/revisions\/1119555"}],"wp:featuredmedia":[{"embeddable":true,"href":"https:\/\/dimensionturistica.com\/es\/wp-json\/wp\/v2\/media\/1119554"}],"wp:attachment":[{"href":"https:\/\/dimensionturistica.com\/es\/wp-json\/wp\/v2\/media?parent=1119553"}],"wp:term":[{"taxonomy":"category","embeddable":true,"href":"https:\/\/dimensionturistica.com\/es\/wp-json\/wp\/v2\/categories?post=1119553"},{"taxonomy":"post_tag","embeddable":true,"href":"https:\/\/dimensionturistica.com\/es\/wp-json\/wp\/v2\/tags?post=1119553"}],"curies":[{"name":"wp","href":"https:\/\/api.w.org\/{rel}","templated":true}]}}