{"id":1119427,"date":"2026-03-03T12:13:22","date_gmt":"2026-03-03T12:13:22","guid":{"rendered":"https:\/\/dimensionturistica.com\/es\/?p=1119427"},"modified":"2026-03-03T12:13:22","modified_gmt":"2026-03-03T12:13:22","slug":"coleccion-otono-invierno-2026-de-moda-listo-para-usar-de-marie-adam-leenaerdt-innovaciones-y-estilo-sofisticado","status":"publish","type":"post","link":"https:\/\/dimensionturistica.com\/es\/coleccion-otono-invierno-2026-de-moda-listo-para-usar-de-marie-adam-leenaerdt-innovaciones-y-estilo-sofisticado\/","title":{"rendered":"Colecci\u00f3n Oto\u00f1o-Invierno 2026 de Moda Listo para Usar de Marie Adam-Leenaerdt: Innovaciones y Estilo Sofisticado"},"content":{"rendered":"<p><strong>Descubriendo la Nueva Era de la Moda: Lo Esencial de Marie Adam-Leenaerdt<\/strong><\/p>\n<p>La semana de la moda ha sido el escenario de m\u00faltiples desfiles que han presentado propuestas audaces e innovadoras, pero ninguno ha resonado tanto como el de Marie Adam-Leenaerdt. En esta edici\u00f3n de oto\u00f1o 2026, la dise\u00f1adora ha llevado a la pasarela una colecci\u00f3n que desaf\u00eda las expectativas tradicionales y redefine el concepto de elegancia contempor\u00e1nea.<\/p>\n<h3>Un Viaje a Trav\u00e9s del Tiempo<\/h3>\n<p>La colecci\u00f3n presenta una combinaci\u00f3n fascinante de influencias vintage y est\u00e9tica moderna. Cada prenda cuenta una historia, transportando al espectador a \u00e9pocas pasadas, pero con un giro actual que las hace irresistibles. El uso de tejidos variados, que oscila entre lo et\u00e9reo y lo estructurado, permite una exploraci\u00f3n profunda de las texturas, haci\u00e9ndolas perfectas para cualquier ocasi\u00f3n. Esta dualidad se traduce en piezas que son a la vez rom\u00e1nticas y robustas, capturando la esencia de lo que significa la moda en la actualidad.<\/p>\n<h3>Paleta de Colores Impactante<\/h3>\n<p>Uno de los aspectos m\u00e1s destacados de la colecci\u00f3n es su paleta de colores. Consolidando tonalidades profundas y terrosas con acentos m\u00e1s vibrantes, la dise\u00f1adora ha logrado una \u0441\u0438\u043c\u0444\u043e\u043d\u0438\u044f visual que atrae y seduce. Los matices de azul cobalto, rojos intensos y verdes esmeralda se combinan estrat\u00e9gicamente, creando un efecto visual que resalta las siluetas de cada prenda. A trav\u00e9s de estos colores, Adam-Leenaerdt logra transmitir una narrativa que evoca tanto nostalgia como frescura.<\/p>\n<h3>Siluetas que Empoderan<\/h3>\n<p>Las siluetas de la colecci\u00f3n son otro aspecto que merece ser mencionado, ya que se mueven entre lo fluido y lo estructurado. Con cortes que abrazan la figura sin perder la comodidad, las piezas est\u00e1n dise\u00f1adas para empoderar a quienes las usan. La atenci\u00f3n al detalle en cada dise\u00f1o, desde los drapeados elegantes hasta las l\u00edneas limpias y definidas, refleja una dedicaci\u00f3n a la artesan\u00eda y a la innovaci\u00f3n.<\/p>\n<h3>Accesorios que Cautivan<\/h3>\n<p>No se puede hablar de la colecci\u00f3n sin mencionar los accesorios que la complementan. Cada elemento adicional, desde los zapatos hasta los bolsos, se ha concebido como parte integral de la propuesta visual. La elecci\u00f3n de materiales y formas acent\u00faa la versatilidad de la colecci\u00f3n, permitiendo que cada pieza brille por s\u00ed sola o en conjunto. Esto pone de manifiesto c\u00f3mo los accesorios no son meros adornos, sino esenciales que elevan el conjunto estil\u00edstico.<\/p>\n<h3>Un Mensaje de Inclusi\u00f3n<\/h3>\n<p>Marie Adam-Leenaerdt tambi\u00e9n ha ido m\u00e1s all\u00e1 de la est\u00e9tica, incorporando un mensaje de inclusi\u00f3n y sostenibilidad en la moda. La dise\u00f1adora se esfuerza por fomentar un enfoque que celebre la diversidad, asegurando que sus creaciones sean accesibles y relevantes para una amplia gama de personas. Este compromiso no solo destaca su visi\u00f3n como creadora, sino que tambi\u00e9n establece un est\u00e1ndar en la industria.<\/p>\n<h3>El Futuro de la Moda<\/h3>\n<p>A medida que el desfile llega a su fin, queda claro que esta colecci\u00f3n no solo es un tributo a la historia de la moda, sino tambi\u00e9n una mirada hacia el futuro. Marie Adam-Leenaerdt se sit\u00faa en un lugar privilegiado, donde la creatividad y la responsabilidad se entrelazan para dar lugar a piezas que no solo visten, sino que inspiran.<\/p>\n<p>Con cada paso sobre la pasarela, la dise\u00f1adora demuestra que la moda es una forma de expresi\u00f3n poderosa; una herramienta que puede transformar no solo el guardarropa, sino toda la percepci\u00f3n cultural. Sin duda, esta colecci\u00f3n marcar\u00e1 un antes y un despu\u00e9s en el \u00e1mbito de la moda.<\/p>\n<p>As\u00ed, la invitaci\u00f3n es clara: dejarse llevar por la magia de las propuestas de Adam-Leenaerdt y explorar un mundo donde cada prenda es una declaraci\u00f3n de intenciones, una pieza esencial en el vasto rompecabezas del estilo contempor\u00e1neo. La revoluci\u00f3n de la moda est\u00e1 en marcha, y es emocionante ser parte de ella.<\/p>\n<p><em> &#8221; Fuentes www.vogue.com &#8221; <\/em><\/p>\n","protected":false},"excerpt":{"rendered":"<p>Descubriendo la Nueva Era de la Moda: Lo Esencial de Marie Adam-Leenaerdt La semana de la moda ha sido el escenario de m\u00faltiples desfiles que han presentado propuestas audaces e innovadoras, pero ninguno ha resonado tanto como el de Marie Adam-Leenaerdt. En esta edici\u00f3n de oto\u00f1o 2026, la dise\u00f1adora ha llevado a la pasarela una [&hellip;]<\/p>\n","protected":false},"author":14,"featured_media":1119428,"comment_status":"open","ping_status":"closed","sticky":false,"template":"","format":"standard","meta":{"om_disable_all_campaigns":false,"jnews-multi-image_gallery":[],"jnews_single_post":[],"jnews_primary_category":[],"jnews_social_meta":[],"footnotes":""},"categories":[144872],"tags":[188455,200419,253544,263769,202046,192704,212283,160469,94447,200339,198545,200418,201496],"class_list":["post-1119427","post","type-post","status-publish","format-standard","has-post-thumbnail","hentry","category-fashion","tag-catwalk","tag-design-innovation","tag-fall-2026","tag-fall-2026-ready-to-wear","tag-fashion-collection","tag-haute-couture","tag-marie-adam-leenaerdt","tag-ready-to-wear","tag-runway","tag-runway_review","tag-seasonal-fashion","tag-style-trends","tag-textile-design"],"_links":{"self":[{"href":"https:\/\/dimensionturistica.com\/es\/wp-json\/wp\/v2\/posts\/1119427","targetHints":{"allow":["GET"]}}],"collection":[{"href":"https:\/\/dimensionturistica.com\/es\/wp-json\/wp\/v2\/posts"}],"about":[{"href":"https:\/\/dimensionturistica.com\/es\/wp-json\/wp\/v2\/types\/post"}],"author":[{"embeddable":true,"href":"https:\/\/dimensionturistica.com\/es\/wp-json\/wp\/v2\/users\/14"}],"replies":[{"embeddable":true,"href":"https:\/\/dimensionturistica.com\/es\/wp-json\/wp\/v2\/comments?post=1119427"}],"version-history":[{"count":1,"href":"https:\/\/dimensionturistica.com\/es\/wp-json\/wp\/v2\/posts\/1119427\/revisions"}],"predecessor-version":[{"id":1119429,"href":"https:\/\/dimensionturistica.com\/es\/wp-json\/wp\/v2\/posts\/1119427\/revisions\/1119429"}],"wp:featuredmedia":[{"embeddable":true,"href":"https:\/\/dimensionturistica.com\/es\/wp-json\/wp\/v2\/media\/1119428"}],"wp:attachment":[{"href":"https:\/\/dimensionturistica.com\/es\/wp-json\/wp\/v2\/media?parent=1119427"}],"wp:term":[{"taxonomy":"category","embeddable":true,"href":"https:\/\/dimensionturistica.com\/es\/wp-json\/wp\/v2\/categories?post=1119427"},{"taxonomy":"post_tag","embeddable":true,"href":"https:\/\/dimensionturistica.com\/es\/wp-json\/wp\/v2\/tags?post=1119427"}],"curies":[{"name":"wp","href":"https:\/\/api.w.org\/{rel}","templated":true}]}}