{"id":1119291,"date":"2026-03-03T05:40:32","date_gmt":"2026-03-03T05:40:32","guid":{"rendered":"https:\/\/dimensionturistica.com\/es\/?p=1119291"},"modified":"2026-03-03T05:40:32","modified_gmt":"2026-03-03T05:40:32","slug":"estado-reunira-a-35-agencias-en-el-festival-del-turismo","status":"publish","type":"post","link":"https:\/\/dimensionturistica.com\/es\/estado-reunira-a-35-agencias-en-el-festival-del-turismo\/","title":{"rendered":"Estado reunir\u00e1 a 35 agencias en el \u201cFestival del Turismo\u201d"},"content":{"rendered":"<h3>Festival del Turismo: Una Celebraci\u00f3n de Oportunidades para el Sector<\/h3>\n<p>La industria del turismo est\u00e1 en constante evoluci\u00f3n, y un evento destacado se acerca para reunir a los principales protagonistas del sector. Un festival que promete ser un punto de encuentro din\u00e1mico y enriquecedor, donde 35 agencias de viajes se congregar\u00e1n para explorar, compartir y promocionar las diversas ofertas tur\u00edsticas que enriquecen nuestro panorama.<\/p>\n<p>En un mundo donde viajar se est\u00e1 convirtiendo en una actividad esencial para muchas personas, esta reuni\u00f3n se convierte en una plataforma vital para fortalecer las relaciones comerciales y fomentar nuevas alianzas. Durante el evento, los asistentes tendr\u00e1n la oportunidad de descubrir las \u00faltimas tendencias y productos del sector, adem\u00e1s de aprender de los expertos que han hecho del turismo una verdadera pasi\u00f3n.<\/p>\n<p>Este festival no solo se centrar\u00e1 en las agencias de viajes, sino que tambi\u00e9n contar\u00e1 con la participaci\u00f3n de destinos tur\u00edsticos regionales, ofreciendo presentaciones y exposiciones que destacar\u00e1n las maravillas que cada lugar tiene para ofrecer. Desde culturas vibrantes hasta paisajes impresionantes, los asistentes podr\u00e1n apreciar la diversidad que enriquece nuestros viajes.<\/p>\n<p>Uno de los aspectos m\u00e1s interesantes del evento ser\u00e1 la posibilidad de establecer conexiones significativas. Las sesiones de networking dise\u00f1adas para incentivar colaboraciones entre empresas permitir\u00e1n que agentes de viajes intercambien ideas, estrategias y, por supuesto, experiencias. Esta interacci\u00f3n es crucial para revitalizar un sector que ha enfrentado desaf\u00edos significativos en los \u00faltimos a\u00f1os.<\/p>\n<p>Adem\u00e1s, se espera que el festival abre la puerta a un di\u00e1logo sobre la sostenibilidad en el turismo. La conciencia sobre el impacto ambiental de nuestras decisiones de viaje ha crecido exponencialmente, y es hora de que la industria se adapte a estas realidades. Los paneles y talleres programados abordar\u00e1n c\u00f3mo garantizar que el crecimiento del turismo no solo beneficie econ\u00f3micamente, sino que tambi\u00e9n respete y preserve el entorno.<\/p>\n<p>Por otra parte, el evento se celebrar\u00e1 en un ambiente festivo, buscando no solo negocios, sino tambi\u00e9n la diversi\u00f3n y el disfrute de los asistentes. Con actividades culturales, m\u00fasica en vivo y degustaciones gastron\u00f3micas, cada participante podr\u00e1 llevarse no solo conocimiento, sino tambi\u00e9n gratos recuerdos.<\/p>\n<p>Este festival del turismo es m\u00e1s que una celebraci\u00f3n; es una oportunidad de reinventar y revitalizar la industria, acerc\u00e1ndola a un futuro m\u00e1s brillante y sostenible. As\u00ed que, si formas parte del mundo del turismo, \u00a1prep\u00e1rate para un evento que podr\u00eda marcar la diferencia en tu trayectoria profesional y en tu viaje personal hacia la excelencia! <\/p>\n<p>Con cada viaje que emprendemos, estamos no solo descubriendo nuevos destinos, sino tambi\u00e9n creando conexiones humanas que enriquecen nuestras vidas. Este festival es un recordatorio de que el sector tur\u00edstico est\u00e1 lleno de posibilidades y emocionantes aventuras que a\u00fan nos esperan.<\/p>\n<p><em> &#8221; Sources www.elpueblo.com &#8221; <\/em><\/p>\n","protected":false},"excerpt":{"rendered":"<p>Festival del Turismo: Una Celebraci\u00f3n de Oportunidades para el Sector La industria del turismo est\u00e1 en constante evoluci\u00f3n, y un evento destacado se acerca para reunir a los principales protagonistas del sector. Un festival que promete ser un punto de encuentro din\u00e1mico y enriquecedor, donde 35 agencias de viajes se congregar\u00e1n para explorar, compartir y [&hellip;]<\/p>\n","protected":false},"author":4,"featured_media":1119292,"comment_status":"open","ping_status":"closed","sticky":false,"template":"","format":"standard","meta":{"om_disable_all_campaigns":false,"jnews-multi-image_gallery":[],"jnews_single_post":[],"jnews_primary_category":[],"jnews_social_meta":[],"footnotes":""},"categories":[40],"tags":[1161,185978,1120,724,269856,3067,7976,544],"class_list":["post-1119291","post","type-post","status-publish","format-standard","has-post-thumbnail","hentry","category-industria","tag-agencias","tag-desarrollo-regional","tag-estado","tag-eventos","tag-festival-del-turismo","tag-promocion-turistica","tag-reunion","tag-turismo"],"_links":{"self":[{"href":"https:\/\/dimensionturistica.com\/es\/wp-json\/wp\/v2\/posts\/1119291","targetHints":{"allow":["GET"]}}],"collection":[{"href":"https:\/\/dimensionturistica.com\/es\/wp-json\/wp\/v2\/posts"}],"about":[{"href":"https:\/\/dimensionturistica.com\/es\/wp-json\/wp\/v2\/types\/post"}],"author":[{"embeddable":true,"href":"https:\/\/dimensionturistica.com\/es\/wp-json\/wp\/v2\/users\/4"}],"replies":[{"embeddable":true,"href":"https:\/\/dimensionturistica.com\/es\/wp-json\/wp\/v2\/comments?post=1119291"}],"version-history":[{"count":1,"href":"https:\/\/dimensionturistica.com\/es\/wp-json\/wp\/v2\/posts\/1119291\/revisions"}],"predecessor-version":[{"id":1119293,"href":"https:\/\/dimensionturistica.com\/es\/wp-json\/wp\/v2\/posts\/1119291\/revisions\/1119293"}],"wp:featuredmedia":[{"embeddable":true,"href":"https:\/\/dimensionturistica.com\/es\/wp-json\/wp\/v2\/media\/1119292"}],"wp:attachment":[{"href":"https:\/\/dimensionturistica.com\/es\/wp-json\/wp\/v2\/media?parent=1119291"}],"wp:term":[{"taxonomy":"category","embeddable":true,"href":"https:\/\/dimensionturistica.com\/es\/wp-json\/wp\/v2\/categories?post=1119291"},{"taxonomy":"post_tag","embeddable":true,"href":"https:\/\/dimensionturistica.com\/es\/wp-json\/wp\/v2\/tags?post=1119291"}],"curies":[{"name":"wp","href":"https:\/\/api.w.org\/{rel}","templated":true}]}}