{"id":1119204,"date":"2026-03-03T01:44:17","date_gmt":"2026-03-03T01:44:17","guid":{"rendered":"https:\/\/dimensionturistica.com\/es\/?p=1119204"},"modified":"2026-03-03T01:44:17","modified_gmt":"2026-03-03T01:44:17","slug":"como-si-yo-hubiese-creado-la-desnudez-rudi-gernreich-y-el-monokini-vaquera-en-su-coleccion-otono","status":"publish","type":"post","link":"https:\/\/dimensionturistica.com\/es\/como-si-yo-hubiese-creado-la-desnudez-rudi-gernreich-y-el-monokini-vaquera-en-su-coleccion-otono\/","title":{"rendered":"Como si yo hubiese creado la desnudez: Rudi Gernreich y el Monokini Vaquera en su colecci\u00f3n Oto\u00f1o"},"content":{"rendered":"<h3>Rudi Gernreich: El Visionario que Desafi\u00f3 las Normas de la Moda<\/h3>\n<p>En el panorama cambiante de la moda, hay figuras que trascienden la simple creaci\u00f3n de prendas para convertirse en aut\u00e9nticos pioneros que desaf\u00edan los est\u00e1ndares establecidos. Rudi Gernreich, uno de esos \u00edconos, se destac\u00f3 en la d\u00e9cada de 1960 con su innovador enfoque hacia la libertad y la individualidad, particularmente a trav\u00e9s de su famosa &#8220;monokini&#8221;.<\/p>\n<h4>La Monokini: Un Acto de Rebeld\u00eda<\/h4>\n<p>La monokini, como creaci\u00f3n insignia de Gernreich, no solo romp\u00eda con las convenciones del ba\u00f1o tradicional al omitir la parte superior del bikini, sino que tambi\u00e9n simbolizaba un cambio radical en la percepci\u00f3n del cuerpo humano. Este dise\u00f1o, que desnudaba m\u00e1s que la piel, invitaba a la aceptaci\u00f3n y celebraci\u00f3n del cuerpo en todas sus formas, enfatizando la liberaci\u00f3n femenina y la aceptaci\u00f3n de la propia belleza.<\/p>\n<h4>Moda como Propuesta Social<\/h4>\n<p>Gernreich no solo dise\u00f1aba ropa; propon\u00eda un discurso social a trav\u00e9s de su trabajo. Su visi\u00f3n se alineaba con los movimientos contraculturales de su \u00e9poca, donde la expresi\u00f3n individual y la aceptaci\u00f3n de la diversidad comenzaban a ganar terreno. En un mundo donde el cuerpo a menudo era objeto de juicio, su monokini se convirti\u00f3 en un s\u00edmbolo de emancipaci\u00f3n.<\/p>\n<p>La habilidad de Gernreich para entrelazar moda y activismo lo llev\u00f3 a crear prendas que no solo eran est\u00e9ticamente atrevidas, sino que tambi\u00e9n comunicaban mensajes poderosos sobre la libertad y el amor propio. A lo largo de su carrera, sus desfiles no eran solo exhibiciones de moda; eran manifestaciones art\u00edsticas que generaban conversaci\u00f3n y provocaban reflexi\u00f3n.<\/p>\n<h4>La Inspiraci\u00f3n Contempor\u00e1nea<\/h4>\n<p>Recientemente, la moda ha vuelto a mirar hacia atr\u00e1s, reconociendo la influencia duradera de Gernreich. Marcas contempor\u00e1neas han comenzado a reinterpetar su legado, incorporando elementos de su est\u00e9tica a nuevas colecciones. La reciente referencia a su &#8220;monokini&#8221; en pasarelas actuales es un claro testimonio de su impacto eterno en el \u00e1mbito de la moda.<\/p>\n<p>Los dise\u00f1adores contempor\u00e1neos est\u00e1n reimaginando su enfoque, ofreciendo a la nueva generaci\u00f3n una fusi\u00f3n entre audacia y est\u00e9tica que Gernreich defend\u00eda con fervor. El denim, un material aparentemente com\u00fan, se transforma en una tela de expresi\u00f3n cuando se ve a trav\u00e9s del prisma de su filosof\u00eda.<\/p>\n<h4>Reflexiones Visuales en la Moda<\/h4>\n<p>El arte de Gernreich invita a cuestionar lo que consideramos innovador en la moda hoy en d\u00eda. \u00bfSon los dise\u00f1os actuales realmente nuevos o solo una reiteraci\u00f3n de ideas ya existentes? Su legado nos recuerda que la moda es un ciclo interminable de reinterpretaciones y que, muchas veces, los grandes avances surgen de la audacia de cuestionar lo que se considera normal.<\/p>\n<p>Su capacidad para combinar la moda con un mensaje claro y audaz sirve como ejemplo perfecto para los dise\u00f1adores actuales que desean hacer ruido en un mercado saturado. En un mundo donde las redes sociales juegan un papel crucial en la forma en que se percibe la moda, las referencias a Gernreich podr\u00edan cambiar la narrativa actual.<\/p>\n<h3>El Legado de Gernreich: M\u00e1s All\u00e1 de la Moda<\/h3>\n<p>Rudi Gernreich se erige como un s\u00edmbolo de individualidad y libertad en un mundo a menudo opresor. Su visi\u00f3n de un mundo donde la moda es un veh\u00edculo de expresi\u00f3n y no solo una manera de vestirse resuena hoy m\u00e1s que nunca.<\/p>\n<p>Mientras la industria moderna se enfrenta a sus propios desaf\u00edos, la esencia de Gernreich contin\u00faa inspirando a aquellos que buscan innovar, desafiar y, sobre todo, celebrar la diversidad en todas sus formas. Sin duda, su legado perdura, record\u00e1ndonos que la moda puede ser, y debe ser, un espacio para la autoexpresi\u00f3n radical.<\/p>\n<p><em> &#8221; Fuentes www.vogue.com &#8221; <\/em><\/p>\n","protected":false},"excerpt":{"rendered":"<p>Rudi Gernreich: El Visionario que Desafi\u00f3 las Normas de la Moda En el panorama cambiante de la moda, hay figuras que trascienden la simple creaci\u00f3n de prendas para convertirse en aut\u00e9nticos pioneros que desaf\u00edan los est\u00e1ndares establecidos. Rudi Gernreich, uno de esos \u00edconos, se destac\u00f3 en la d\u00e9cada de 1960 con su innovador enfoque hacia [&hellip;]<\/p>\n","protected":false},"author":14,"featured_media":1119205,"comment_status":"open","ping_status":"closed","sticky":false,"template":"","format":"standard","meta":{"om_disable_all_campaigns":false,"jnews-multi-image_gallery":[],"jnews_single_post":[],"jnews_primary_category":[],"jnews_social_meta":[],"footnotes":""},"categories":[144872],"tags":[173244,205423,205322,29821,204567,166,201208,208888,201499,269836,173182,269835,87735],"class_list":["post-1119204","post","type-post","status-publish","format-standard","has-post-thumbnail","hentry","category-fashion","tag-1960s","tag-avant-garde","tag-cultural-impact","tag-design","tag-fall-collection","tag-fashion","tag-from-the-archives","tag-gender-fluidity","tag-iconic-fashion","tag-monokini","tag-nudity","tag-rudi-gernreich","tag-swimwear"],"_links":{"self":[{"href":"https:\/\/dimensionturistica.com\/es\/wp-json\/wp\/v2\/posts\/1119204","targetHints":{"allow":["GET"]}}],"collection":[{"href":"https:\/\/dimensionturistica.com\/es\/wp-json\/wp\/v2\/posts"}],"about":[{"href":"https:\/\/dimensionturistica.com\/es\/wp-json\/wp\/v2\/types\/post"}],"author":[{"embeddable":true,"href":"https:\/\/dimensionturistica.com\/es\/wp-json\/wp\/v2\/users\/14"}],"replies":[{"embeddable":true,"href":"https:\/\/dimensionturistica.com\/es\/wp-json\/wp\/v2\/comments?post=1119204"}],"version-history":[{"count":1,"href":"https:\/\/dimensionturistica.com\/es\/wp-json\/wp\/v2\/posts\/1119204\/revisions"}],"predecessor-version":[{"id":1119206,"href":"https:\/\/dimensionturistica.com\/es\/wp-json\/wp\/v2\/posts\/1119204\/revisions\/1119206"}],"wp:featuredmedia":[{"embeddable":true,"href":"https:\/\/dimensionturistica.com\/es\/wp-json\/wp\/v2\/media\/1119205"}],"wp:attachment":[{"href":"https:\/\/dimensionturistica.com\/es\/wp-json\/wp\/v2\/media?parent=1119204"}],"wp:term":[{"taxonomy":"category","embeddable":true,"href":"https:\/\/dimensionturistica.com\/es\/wp-json\/wp\/v2\/categories?post=1119204"},{"taxonomy":"post_tag","embeddable":true,"href":"https:\/\/dimensionturistica.com\/es\/wp-json\/wp\/v2\/tags?post=1119204"}],"curies":[{"name":"wp","href":"https:\/\/api.w.org\/{rel}","templated":true}]}}