{"id":1118874,"date":"2026-03-02T14:31:37","date_gmt":"2026-03-02T14:31:37","guid":{"rendered":"https:\/\/dimensionturistica.com\/es\/?p=1118874"},"modified":"2026-03-02T14:31:37","modified_gmt":"2026-03-02T14:31:37","slug":"coleccion-otono-2026-de-pret-a-porter-innovaciones-y-estilo-en-la-moda-actual","status":"publish","type":"post","link":"https:\/\/dimensionturistica.com\/es\/coleccion-otono-2026-de-pret-a-porter-innovaciones-y-estilo-en-la-moda-actual\/","title":{"rendered":"Colecci\u00f3n Oto\u00f1o 2026 de Pr\u00eat-\u00e0-Porter: Innovaciones y Estilo en la Moda Actual"},"content":{"rendered":"<p><strong>El Futuro de la Moda se Presenta en Par\u00eds: Innovaci\u00f3n y Creatividad en el Instituto Franc\u00e9s de la Moda<\/strong><\/p>\n<p>El mundo de la moda ha sido testigo de una explosi\u00f3n de creatividad y audacia en la reciente pasarela del Instituto Franc\u00e9s de la Moda, donde la colecci\u00f3n de oto\u00f1o 2026 ha marcado un hito en la fusi\u00f3n de la tradici\u00f3n con la modernidad. Con un ambiente vibrante, esta presentaci\u00f3n no solo ha sido un desfile de tendencias, sino un verdadero manifiesto de c\u00f3mo la moda puede y debe evolucionar.<\/p>\n<h3>Un Encuentro de Estilos y Texturas<\/h3>\n<p>Desde el primer vistazo, la colecci\u00f3n resuena con una paleta de colores que evoca tanto la nostalgia como la vanguardia. Las tonalidades terrosas, unidas a destellos met\u00e1licos, crean un di\u00e1logo fascinante entre lo cl\u00e1sico y lo contempor\u00e1neo. Cada pieza es testimonio de una investigaci\u00f3n meticulosa en texturas, donde se combinan materiales inesperados que desaf\u00edan las nociones convencionales de la confecci\u00f3n.<\/p>\n<h3>Siluetas que Cuentan Historias<\/h3>\n<p>Las siluetas presentadas en la pasarela realzan la figura humana de maneras inesperadas. Experimentaciones con cortes asim\u00e9tricos y volumetr\u00edas audaces invitan al espectador a repensar su relaci\u00f3n con la vestimenta. Las capas superpuestas no solo a\u00f1aden dimensi\u00f3n, sino que tambi\u00e9n evocan una sensaci\u00f3n de movimiento, sugiriendo que la moda es una expresi\u00f3n din\u00e1mica y viva.<\/p>\n<h3>La Sostenibilidad como Pilar<\/h3>\n<p>Un aspecto notable de esta colecci\u00f3n radica en la integraci\u00f3n de pr\u00e1cticas sostenibles. Los dise\u00f1adores han mostrado un compromiso claro hacia un futuro m\u00e1s consciente, utilizando materiales reciclados y procesos de manufactura \u00e9ticamente responsables. Cada prenda es una declaraci\u00f3n, no solo de estilo, sino de prop\u00f3sito, abriendo el di\u00e1logo sobre la responsabilidad en la industria de la moda.<\/p>\n<h3>Influencias Culturales y Colaboraciones<\/h3>\n<p>La influencia de diversas culturas se ve reflejada en la selecci\u00f3n de estampados y bordados, que rinden homenaje a tradiciones de todo el mundo. Este enfoque inclusivo no solo enriquece la colecci\u00f3n, sino que tambi\u00e9n celebra la diversidad cultural en la moda. Adem\u00e1s, la colaboraci\u00f3n con artistas emergentes aporta un aire fresco y contempor\u00e1neo que, sin duda, resonar\u00e1 entre las nuevas generaciones.<\/p>\n<h3>Tecnolog\u00eda y Moda: Una Era Digital<\/h3>\n<p>En un enfoque vanguardista, la pasarela incorpor\u00f3 elementos digitales, como proyecciones interactivas que complementaban las presentaciones de los looks. Esta fusi\u00f3n entre tecnolog\u00eda y moda augura un futuro donde ambas se entrelazen cada vez m\u00e1s, brindando experiencias multisensoriales que van m\u00e1s all\u00e1 del simple acto de mirar.<\/p>\n<h3>Un Llamado a la Experiencia Colectiva<\/h3>\n<p>Este evento no fue solo un desfile; fue una invitaci\u00f3n a todos los presentes a ser parte de un movimiento m\u00e1s grande. La conexi\u00f3n entre dise\u00f1adores, modelos y el p\u00fablico cre\u00f3 un ambiente de celebraci\u00f3n y pertenencia, donde la moda no es solo un consumo, sino una experiencia compartida.<\/p>\n<p>La presentaci\u00f3n del Instituto Franc\u00e9s de la Moda para oto\u00f1o 2026 ha dejado una huella indeleble en el panorama de la moda. Sus propuestas innovadoras y su firme compromiso con la sostenibilidad marcan el camino hacia un futuro brillante y esperanzador. Una invitaci\u00f3n abierta a todos: explorar, experimentar y abrazar el cambio en un mundo donde la moda sigue siendo un reflejo de quienes somos y de lo que aspiramos a ser.<\/p>\n<p><em> &#8221; Fuentes www.vogue.com &#8221; <\/em><\/p>\n","protected":false},"excerpt":{"rendered":"<p>El Futuro de la Moda se Presenta en Par\u00eds: Innovaci\u00f3n y Creatividad en el Instituto Franc\u00e9s de la Moda El mundo de la moda ha sido testigo de una explosi\u00f3n de creatividad y audacia en la reciente pasarela del Instituto Franc\u00e9s de la Moda, donde la colecci\u00f3n de oto\u00f1o 2026 ha marcado un hito en [&hellip;]<\/p>\n","protected":false},"author":14,"featured_media":1118875,"comment_status":"open","ping_status":"closed","sticky":false,"template":"","format":"standard","meta":{"om_disable_all_campaigns":false,"jnews-multi-image_gallery":[],"jnews_single_post":[],"jnews_primary_category":[],"jnews_social_meta":[],"footnotes":""},"categories":[144872],"tags":[29821,253544,263769,202046,192704,212095,204909,160469,94447,200339,372,6194],"class_list":["post-1118874","post","type-post","status-publish","format-standard","has-post-thumbnail","hentry","category-fashion","tag-design","tag-fall-2026","tag-fall-2026-ready-to-wear","tag-fashion-collection","tag-haute-couture","tag-institut-francais-de-la-mode","tag-paris-fashion-week","tag-ready-to-wear","tag-runway","tag-runway_review","tag-style","tag-trends"],"_links":{"self":[{"href":"https:\/\/dimensionturistica.com\/es\/wp-json\/wp\/v2\/posts\/1118874","targetHints":{"allow":["GET"]}}],"collection":[{"href":"https:\/\/dimensionturistica.com\/es\/wp-json\/wp\/v2\/posts"}],"about":[{"href":"https:\/\/dimensionturistica.com\/es\/wp-json\/wp\/v2\/types\/post"}],"author":[{"embeddable":true,"href":"https:\/\/dimensionturistica.com\/es\/wp-json\/wp\/v2\/users\/14"}],"replies":[{"embeddable":true,"href":"https:\/\/dimensionturistica.com\/es\/wp-json\/wp\/v2\/comments?post=1118874"}],"version-history":[{"count":1,"href":"https:\/\/dimensionturistica.com\/es\/wp-json\/wp\/v2\/posts\/1118874\/revisions"}],"predecessor-version":[{"id":1118876,"href":"https:\/\/dimensionturistica.com\/es\/wp-json\/wp\/v2\/posts\/1118874\/revisions\/1118876"}],"wp:featuredmedia":[{"embeddable":true,"href":"https:\/\/dimensionturistica.com\/es\/wp-json\/wp\/v2\/media\/1118875"}],"wp:attachment":[{"href":"https:\/\/dimensionturistica.com\/es\/wp-json\/wp\/v2\/media?parent=1118874"}],"wp:term":[{"taxonomy":"category","embeddable":true,"href":"https:\/\/dimensionturistica.com\/es\/wp-json\/wp\/v2\/categories?post=1118874"},{"taxonomy":"post_tag","embeddable":true,"href":"https:\/\/dimensionturistica.com\/es\/wp-json\/wp\/v2\/tags?post=1118874"}],"curies":[{"name":"wp","href":"https:\/\/api.w.org\/{rel}","templated":true}]}}