{"id":1118748,"date":"2026-03-02T07:36:40","date_gmt":"2026-03-02T07:36:40","guid":{"rendered":"https:\/\/dimensionturistica.com\/es\/?p=1118748"},"modified":"2026-03-02T07:36:40","modified_gmt":"2026-03-02T07:36:40","slug":"seis-lecciones-esenciales-de-la-semana-de-la-moda-de-milan-otono-invierno-2026","status":"publish","type":"post","link":"https:\/\/dimensionturistica.com\/es\/seis-lecciones-esenciales-de-la-semana-de-la-moda-de-milan-otono-invierno-2026\/","title":{"rendered":"Seis Lecciones Esenciales de la Semana de la Moda de Mil\u00e1n Oto\u00f1o\/Invierno 2026"},"content":{"rendered":"<h3>Innovaciones y Tendencias desde la Pasarela: Mil\u00e1n Oto\u00f1o-Invierno 2026<\/h3>\n<p>La Semana de la Moda de Mil\u00e1n ha dejado una marca indeleble con sus innovaciones y tendencias que prometen redefinir el panorama de la moda. En este an\u00e1lisis, exploramos los seis puntos clave que han surgido de esta monumental exhibici\u00f3n, revelando lo que los dise\u00f1adores y las casas de moda tienen preparado para la pr\u00f3xima temporada.<\/p>\n<h4>1. <strong>El Regreso del Glamour Cl\u00e1sico<\/strong><\/h4>\n<p>Este evento mostr\u00f3 un resurgimiento del glamour cl\u00e1sico, con siluetas elegantes que evocan \u00e9pocas doradas de la moda. Con estructuras magistralmente dise\u00f1adas y tejidos lujosos, las colecciones sugieren un anhelo por la sofisticaci\u00f3n, donde los detalles minuciosos resaltan el arte de la sastrer\u00eda.<\/p>\n<h4>2. <strong>Diversidad en la Est\u00e9tica<\/strong><\/h4>\n<p>Este a\u00f1o, la diversidad fue el hilo conductor en muchas presentaciones. Las marcas apostaron por mostrar una amplia gama de estilos y formas que reflejan la multiculturalidad contempor\u00e1nea. La inclusi\u00f3n se convirti\u00f3 en un manifiesto, y las pasarelas se inundaron de creatividades que celebran la individualidad.<\/p>\n<h4>3. <strong>Sostenibilidad como Imperativo<\/strong><\/h4>\n<p>La moda sostenible se consolid\u00f3 como una prioridad indiscutible. Las casas de lujo presentaron prendas elaboradas con materiales reciclados y t\u00e9cnicas de producci\u00f3n responsables. La transici\u00f3n hacia una moda consciente es m\u00e1s que una tendencia; se ha transformado en una necesidad que resuena entre dise\u00f1adores y consumidores por igual.<\/p>\n<h4>4. <strong>Colores que Marcan el Ritmo<\/strong><\/h4>\n<p>Los tonos vibrantes estuvieron presentes, con paletas que evocan un sentido de optimismo y renovaci\u00f3n. Desde rojos intensos hasta verdes esmeralda, los colores no solo decoran, sino que cuentan historias de audacia y experimentaci\u00f3n. Este uso espectacular del color promete iluminar el armario de todos los amantes de la moda.<\/p>\n<h4>5. <strong>Estilos Gender Fluid<\/strong><\/h4>\n<p>Los l\u00edmites de g\u00e9nero continuaron desdibuj\u00e1ndose en las colecciones, con piezas que desaf\u00edan las normativas tradicionales. La moda gender fluid ha tomado fuerza, ofreciendo opciones vers\u00e1tiles que permiten a todos explorar su identidad a trav\u00e9s de la vestimenta. Esta transformaci\u00f3n refleja una revoluci\u00f3n en el entendimiento de la moda como un lenguaje sin restricciones.<\/p>\n<h4>6. <strong>Accesorios como Declaraci\u00f3n<\/strong><\/h4>\n<p>Los accesorios se convirtieron en piezas fundamentales para cualquier atuendo. Desde joyer\u00eda exagerada hasta calzado intrigante, las marcas han enfatizado la importancia de los detalles. Los complementos no solo realzan el vestuario, sino que se convierten en declaraciones de estilo que capturan la atenci\u00f3n y despiertan emociones.<\/p>\n<h3>Reflexiones Finales<\/h3>\n<p>Mil\u00e1n Oto\u00f1o-Invierno 2026 ha sido un escaparate vibrante de creatividad y audacia. Las tendencias que emergen de esta semana de la moda no solo marcan el camino hacia el futuro, sino que tambi\u00e9n reafirman la capacidad de la moda para contar historias, desafiar normas y, sobre todo, empoderar a quienes la llevan. Con un enfoque en la diversidad, la sostenibilidad y la expresi\u00f3n individual, esta temporada se perfila como una etapa significativa en la evoluci\u00f3n del estilo contempor\u00e1neo. La mirada est\u00e1 fija en las pasarelas y el pulso de la moda sigue latiendo con fuerza.<\/p>\n<p><em> &#8221; Fuentes www.vogue.com &#8221; <\/em><\/p>\n","protected":false},"excerpt":{"rendered":"<p>Innovaciones y Tendencias desde la Pasarela: Mil\u00e1n Oto\u00f1o-Invierno 2026 La Semana de la Moda de Mil\u00e1n ha dejado una marca indeleble con sus innovaciones y tendencias que prometen redefinir el panorama de la moda. En este an\u00e1lisis, exploramos los seis puntos clave que han surgido de esta monumental exhibici\u00f3n, revelando lo que los dise\u00f1adores y [&hellip;]<\/p>\n","protected":false},"author":14,"featured_media":1118749,"comment_status":"open","ping_status":"closed","sticky":false,"template":"","format":"standard","meta":{"om_disable_all_campaigns":false,"jnews-multi-image_gallery":[],"jnews_single_post":[],"jnews_primary_category":[],"jnews_social_meta":[],"footnotes":""},"categories":[144872],"tags":[202969,263517,127523,198542,216165,69354,58510,247049,198516,207251],"class_list":["post-1118748","post","type-post","status-publish","format-standard","has-post-thumbnail","hentry","category-fashion","tag-designer-showcases","tag-fall-winter-2026","tag-fashion-industry","tag-fashion-trends","tag-key-takeaways","tag-latest","tag-milan-fashion-week","tag-runway-highlights","tag-seasonal-trends","tag-style-insights"],"_links":{"self":[{"href":"https:\/\/dimensionturistica.com\/es\/wp-json\/wp\/v2\/posts\/1118748","targetHints":{"allow":["GET"]}}],"collection":[{"href":"https:\/\/dimensionturistica.com\/es\/wp-json\/wp\/v2\/posts"}],"about":[{"href":"https:\/\/dimensionturistica.com\/es\/wp-json\/wp\/v2\/types\/post"}],"author":[{"embeddable":true,"href":"https:\/\/dimensionturistica.com\/es\/wp-json\/wp\/v2\/users\/14"}],"replies":[{"embeddable":true,"href":"https:\/\/dimensionturistica.com\/es\/wp-json\/wp\/v2\/comments?post=1118748"}],"version-history":[{"count":1,"href":"https:\/\/dimensionturistica.com\/es\/wp-json\/wp\/v2\/posts\/1118748\/revisions"}],"predecessor-version":[{"id":1118750,"href":"https:\/\/dimensionturistica.com\/es\/wp-json\/wp\/v2\/posts\/1118748\/revisions\/1118750"}],"wp:featuredmedia":[{"embeddable":true,"href":"https:\/\/dimensionturistica.com\/es\/wp-json\/wp\/v2\/media\/1118749"}],"wp:attachment":[{"href":"https:\/\/dimensionturistica.com\/es\/wp-json\/wp\/v2\/media?parent=1118748"}],"wp:term":[{"taxonomy":"category","embeddable":true,"href":"https:\/\/dimensionturistica.com\/es\/wp-json\/wp\/v2\/categories?post=1118748"},{"taxonomy":"post_tag","embeddable":true,"href":"https:\/\/dimensionturistica.com\/es\/wp-json\/wp\/v2\/tags?post=1118748"}],"curies":[{"name":"wp","href":"https:\/\/api.w.org\/{rel}","templated":true}]}}