{"id":1118692,"date":"2026-03-02T04:11:35","date_gmt":"2026-03-02T04:11:35","guid":{"rendered":"https:\/\/dimensionturistica.com\/es\/?p=1118692"},"modified":"2026-03-02T04:11:35","modified_gmt":"2026-03-02T04:11:35","slug":"las-celebridades-deslumbran-con-estilo-boudoir-en-los-premios-sag-2026","status":"publish","type":"post","link":"https:\/\/dimensionturistica.com\/es\/las-celebridades-deslumbran-con-estilo-boudoir-en-los-premios-sag-2026\/","title":{"rendered":"Las Celebridades Deslumbran con Estilo Boudoir en los Premios SAG 2026"},"content":{"rendered":"<h3>La Nueva Era de la Lencer\u00eda: Un Vistazo a las Tendencias Futuras en la Moda<\/h3>\n<p>La lencer\u00eda ha experimentado una transformaci\u00f3n notable en la \u00faltima d\u00e9cada, y su evoluci\u00f3n sigue captando la atenci\u00f3n de dise\u00f1adores y amantes de la moda por igual. En un mundo donde la audacia y el autoconocimiento definen el estilo personal, el futuro de esta \u00edntima categor\u00eda promete ser tanto sorprendente como esclarecedor.<\/p>\n<h4>La Lencer\u00eda como Prenda Expuesta<\/h4>\n<p>Una de las tendencias m\u00e1s impactantes que se vislumbran para el futuro es la percepci\u00f3n de la lencer\u00eda como una prenda de uso cotidiano, incluso a la vista. Las pasarelas y las alfombras rojas comienzan a reflejar esta innovadora mentalidad; la lencer\u00eda se vuelve un accesorio de estilo en lugar de un simple elemento de vestuario. La incorporaci\u00f3n de sujetadores, corsets y bodys en conjuntos de calle y en eventos de gala resalta la audacia de las nuevas generaciones que eligen mostrar su aut\u00e9ntico yo.<\/p>\n<h4>Materiales que Deslumbran<\/h4>\n<p>El uso de materiales distintos y llamativos marcar\u00e1 la pauta. En lugar de los tradicionales encajes y satines, se prev\u00e9 una invasi\u00f3n de tejidos met\u00e1licos y acr\u00edlicos, destinados a aportar un toque futurista. Esta tendencia busca no solo atraer la atenci\u00f3n, sino tambi\u00e9n desafiar las normas establecidas sobre la moda \u00edntima y su funci\u00f3n.<\/p>\n<h4>Sostenibilidad en la Lencer\u00eda<\/h4>\n<p>A medida que el mundo de la moda se mueve hacia la sostenibilidad, la lencer\u00eda no es una excepci\u00f3n. Marcas emergentes est\u00e1n priorizando la producci\u00f3n responsable, utilizando materiales reciclados y m\u00e9todos de fabricaci\u00f3n \u00e9ticos. Este cambio no solo apela a la conciencia ambiental, sino que tambi\u00e9n muestra que el lujo puede coexistir con la sostenibilidad.<\/p>\n<h4>La Inclusividad como Prioridad<\/h4>\n<p>La inclusividad se eleva como un elemento fundamental en las nuevas tendencias. Cada vez m\u00e1s marcas est\u00e1n ampliando sus rangos de tallas y ofreciendo dise\u00f1os que celebran la diversidad corporal. Este enfoque no solo refleja un cambio cultural, sino que tambi\u00e9n responde a una demanda creciente entre los consumidores, que buscan prendas que les hagan sentir representados y c\u00f3modos.<\/p>\n<h4>Detalles que Hacen la Diferencia<\/h4>\n<p>Los detalles en la lencer\u00eda tambi\u00e9n est\u00e1n evolucionando. Desde apliques de cristal hasta bordados personalizados, la atenci\u00f3n al detalle se convierte en un signo de distinci\u00f3n. Estos elementos no solo elevan la est\u00e9tica de las prendas, sino que tambi\u00e9n permiten que cada pieza cuente una historia \u00fanica.<\/p>\n<h3>Conclusi\u00f3n<\/h3>\n<p>La lencer\u00eda del futuro est\u00e1 destinada a convertirse en un s\u00edmbolo de empoderamiento y autoexpresi\u00f3n. Con su transici\u00f3n hacia un enfoque m\u00e1s atrevido, cuidadoso e inclusivo, se abrir\u00e1n nuevas posibilidades para los amantes de la moda. La transformaci\u00f3n de estas piezas \u00edntimas redefine c\u00f3mo las personas se relacionan con su propia imagen, poniendo al descubierto la belleza de la autenticidad en cada elecci\u00f3n de estilo. \u00a1El mundo de la lencer\u00eda est\u00e1 listo para ser redescubierto!<\/p>\n<p><em> &#8221; Fuentes www.vogue.com &#8221; <\/em><\/p>\n","protected":false},"excerpt":{"rendered":"<p>La Nueva Era de la Lencer\u00eda: Un Vistazo a las Tendencias Futuras en la Moda La lencer\u00eda ha experimentado una transformaci\u00f3n notable en la \u00faltima d\u00e9cada, y su evoluci\u00f3n sigue captando la atenci\u00f3n de dise\u00f1adores y amantes de la moda por igual. En un mundo donde la audacia y el autoconocimiento definen el estilo personal, [&hellip;]<\/p>\n","protected":false},"author":14,"featured_media":1118693,"comment_status":"open","ping_status":"closed","sticky":false,"template":"","format":"standard","meta":{"om_disable_all_campaigns":false,"jnews-multi-image_gallery":[],"jnews_single_post":[],"jnews_primary_category":[],"jnews_social_meta":[],"footnotes":""},"categories":[144872],"tags":[55723,269696,269694,47,201294,22890,212116,201278,269695,201813,200418],"class_list":["post-1118692","post","type-post","status-publish","format-standard","has-post-thumbnail","hentry","category-fashion","tag-55723","tag-awards-show-fashion","tag-boudoir-dressing","tag-celebrities","tag-emma-stone","tag-gwyneth-paltrow","tag-jenna-ortega","tag-red-carpet-fashion","tag-sag-actor-awards","tag-sag-awards","tag-style-trends"],"_links":{"self":[{"href":"https:\/\/dimensionturistica.com\/es\/wp-json\/wp\/v2\/posts\/1118692","targetHints":{"allow":["GET"]}}],"collection":[{"href":"https:\/\/dimensionturistica.com\/es\/wp-json\/wp\/v2\/posts"}],"about":[{"href":"https:\/\/dimensionturistica.com\/es\/wp-json\/wp\/v2\/types\/post"}],"author":[{"embeddable":true,"href":"https:\/\/dimensionturistica.com\/es\/wp-json\/wp\/v2\/users\/14"}],"replies":[{"embeddable":true,"href":"https:\/\/dimensionturistica.com\/es\/wp-json\/wp\/v2\/comments?post=1118692"}],"version-history":[{"count":1,"href":"https:\/\/dimensionturistica.com\/es\/wp-json\/wp\/v2\/posts\/1118692\/revisions"}],"predecessor-version":[{"id":1118695,"href":"https:\/\/dimensionturistica.com\/es\/wp-json\/wp\/v2\/posts\/1118692\/revisions\/1118695"}],"wp:featuredmedia":[{"embeddable":true,"href":"https:\/\/dimensionturistica.com\/es\/wp-json\/wp\/v2\/media\/1118693"}],"wp:attachment":[{"href":"https:\/\/dimensionturistica.com\/es\/wp-json\/wp\/v2\/media?parent=1118692"}],"wp:term":[{"taxonomy":"category","embeddable":true,"href":"https:\/\/dimensionturistica.com\/es\/wp-json\/wp\/v2\/categories?post=1118692"},{"taxonomy":"post_tag","embeddable":true,"href":"https:\/\/dimensionturistica.com\/es\/wp-json\/wp\/v2\/tags?post=1118692"}],"curies":[{"name":"wp","href":"https:\/\/api.w.org\/{rel}","templated":true}]}}