{"id":1118686,"date":"2026-03-02T03:45:36","date_gmt":"2026-03-02T03:45:36","guid":{"rendered":"https:\/\/dimensionturistica.com\/es\/?p=1118686"},"modified":"2026-03-02T03:45:36","modified_gmt":"2026-03-02T03:45:36","slug":"relevancia-de-los-viajes-papales-en-el-siglo-xxi","status":"publish","type":"post","link":"https:\/\/dimensionturistica.com\/es\/relevancia-de-los-viajes-papales-en-el-siglo-xxi\/","title":{"rendered":"Relevancia de los viajes papales en el siglo XXI"},"content":{"rendered":"<h3>La Diplomacia Viajera del Papa: Un Puente entre Culturas y Comunidades<\/h3>\n<p>En un mundo interconectado, donde las barreras geogr\u00e1ficas parecen desvanecerse, la figura del Papa se erige como un s\u00edmbolo de unidad y esperanza. A trav\u00e9s de sus constantes viajes, el l\u00edder de la Iglesia Cat\u00f3lica nos recuerda la importancia de la diplomacia y el contacto humano, elementos que siguen siendo relevantes en el siglo XXI.<\/p>\n<p>Desde su llegada al pontificado, el Papa ha cruzado continentes, llevando un mensaje universal de paz y reconciliaci\u00f3n. Cada viaje es m\u00e1s que una visita; es un esfuerzo por acercarse a comunidades diversas, escuchar sus voces y dialogar sobre temas que inquietan a la humanidad. La agenda de estos viajes no se limita a encuentros con autoridades, sino que abarca visitas a hospitales, escuelas y lugares emblem\u00e1ticos que reflejan la cultura y la espiritualidad del lugar.<\/p>\n<p>Uno de los aspectos m\u00e1s fascinantes de sus expediciones es la capacidad de transformar la percepci\u00f3n que el mundo tiene de ciertos pa\u00edses o regiones. Cuando el Papa visita naciones que sufren conflictos o tensiones sociales, no solo ofrece consuelo espiritual, sino que tambi\u00e9n env\u00eda un mensaje a l\u00edderes pol\u00edticos: el di\u00e1logo es la clave para la soluci\u00f3n de problemas.<\/p>\n<p>Adem\u00e1s, su enfoque en el ecumenismo y el interreligioso es otro aspecto que resalta la relevancia de estos viajes. Al sentarse con representantes de otras confesiones, el pont\u00edfice busca construir puentes que trascienden las diferencias, fomentando un entendimiento m\u00e1s profundo y un respeto mutuo. En cada encuentro, su presencia se vuelve un llamado a la colaboraci\u00f3n, un recordatorio de que, m\u00e1s all\u00e1 de las creencias individuales, todos somos parte de una misma humanidad.<\/p>\n<p>Las redes sociales y las plataformas digitales han revolucionado la manera en que experimentamos estos viajes. Ahora, un mensaje enviado desde el Vaticano puede resonar en cualquier rinc\u00f3n del planeta al instante. Esta conexi\u00f3n instant\u00e1nea permite a millones de personas sentirse parte de eventos que, de otro modo, podr\u00edan considerarse lejanos.<\/p>\n<p>Sin embargo, el impacto de estos viajes va m\u00e1s all\u00e1 de la esfera p\u00fablica; toca el coraz\u00f3n de la gente com\u00fan. Las historias de personas que han tenido la oportunidad de interactuar con el Papa son conmovedoras. Desde las madres que encuentran esperanza ante la enfermedad de un hijo hasta los j\u00f3venes que se inspiran en su mensaje de cambio y responsabilidad social, cada relato se convierte en un testimonio del poder transformador del amor y la compasi\u00f3n.<\/p>\n<p>Es innegable que la figura papal se enfrenta a desaf\u00edos en un mundo cada vez m\u00e1s polarizado. Sin embargo, su compromiso inquebrantable con el di\u00e1logo y la paz demuestra que hay un camino hacia la comprensi\u00f3n mutua. En esta era donde la b\u00fasqueda de conexiones es m\u00e1s relevante que nunca, los viajes del Papa son un recordatorio de que el entendimiento y el respeto son los cimientos sobre los que podemos construir un futuro mejor.<\/p>\n<p>Como viajeros, al explorar el mundo, tambi\u00e9n tenemos la oportunidad de aplicar estas lecciones en nuestras propias vidas. Cada interacci\u00f3n con personas de diferentes trasfondos culturales puede ser una oportunidad para aprender, crecer y contribuir a un mundo m\u00e1s armonioso. As\u00ed, los viajes, ya sean al Vaticano o a cualquier otra parte del mundo, se convierten en una invitaci\u00f3n a profundizar nuestras conexiones y explorar la riqueza de la diversidad humana.<\/p>\n<p>En conclusi\u00f3n, la diplomacia del Papa, a trav\u00e9s de sus viajes, no solo es una manifestaci\u00f3n de su papel como l\u00edder religioso, sino que tambi\u00e9n es un llamado universal a la paz y la unidad. A medida que continuamos explorando el mundo, recordemos que cada paso que damos puede ser un paso hacia un di\u00e1logo m\u00e1s profundo y un entendimiento m\u00e1s amplio. La traves\u00eda est\u00e1 lejos de haber terminado; es un camino que apenas comienza.<\/p>\n<p><em> &#8221; Fuentes www.eldebate.com &#8221; <\/em><\/p>\n","protected":false},"excerpt":{"rendered":"<p>La Diplomacia Viajera del Papa: Un Puente entre Culturas y Comunidades En un mundo interconectado, donde las barreras geogr\u00e1ficas parecen desvanecerse, la figura del Papa se erige como un s\u00edmbolo de unidad y esperanza. A trav\u00e9s de sus constantes viajes, el l\u00edder de la Iglesia Cat\u00f3lica nos recuerda la importancia de la diplomacia y el [&hellip;]<\/p>\n","protected":false},"author":4,"featured_media":1118687,"comment_status":"open","ping_status":"closed","sticky":false,"template":"","format":"standard","meta":{"om_disable_all_campaigns":false,"jnews-multi-image_gallery":[],"jnews_single_post":[],"jnews_primary_category":[],"jnews_social_meta":[],"footnotes":""},"categories":[39],"tags":[707,198232,39599,176381,62992,220014,467,19559,20272,56544],"class_list":["post-1118686","post","type-post","status-publish","format-standard","has-post-thumbnail","hentry","category-viajes","tag-actualidad","tag-catolicismo","tag-espiritualidad","tag-eventos-globales","tag-influencia","tag-liderazgo-religioso","tag-religion","tag-siglo-xxi","tag-turismo-religioso","tag-viajes-del-papa"],"_links":{"self":[{"href":"https:\/\/dimensionturistica.com\/es\/wp-json\/wp\/v2\/posts\/1118686","targetHints":{"allow":["GET"]}}],"collection":[{"href":"https:\/\/dimensionturistica.com\/es\/wp-json\/wp\/v2\/posts"}],"about":[{"href":"https:\/\/dimensionturistica.com\/es\/wp-json\/wp\/v2\/types\/post"}],"author":[{"embeddable":true,"href":"https:\/\/dimensionturistica.com\/es\/wp-json\/wp\/v2\/users\/4"}],"replies":[{"embeddable":true,"href":"https:\/\/dimensionturistica.com\/es\/wp-json\/wp\/v2\/comments?post=1118686"}],"version-history":[{"count":1,"href":"https:\/\/dimensionturistica.com\/es\/wp-json\/wp\/v2\/posts\/1118686\/revisions"}],"predecessor-version":[{"id":1118688,"href":"https:\/\/dimensionturistica.com\/es\/wp-json\/wp\/v2\/posts\/1118686\/revisions\/1118688"}],"wp:featuredmedia":[{"embeddable":true,"href":"https:\/\/dimensionturistica.com\/es\/wp-json\/wp\/v2\/media\/1118687"}],"wp:attachment":[{"href":"https:\/\/dimensionturistica.com\/es\/wp-json\/wp\/v2\/media?parent=1118686"}],"wp:term":[{"taxonomy":"category","embeddable":true,"href":"https:\/\/dimensionturistica.com\/es\/wp-json\/wp\/v2\/categories?post=1118686"},{"taxonomy":"post_tag","embeddable":true,"href":"https:\/\/dimensionturistica.com\/es\/wp-json\/wp\/v2\/tags?post=1118686"}],"curies":[{"name":"wp","href":"https:\/\/api.w.org\/{rel}","templated":true}]}}