{"id":1118613,"date":"2026-03-01T23:50:33","date_gmt":"2026-03-01T23:50:33","guid":{"rendered":"https:\/\/dimensionturistica.com\/es\/?p=1118613"},"modified":"2026-03-01T23:50:33","modified_gmt":"2026-03-01T23:50:33","slug":"informe-de-tendencias-de-belleza-en-milan-lo-ultimo-en-estilo-y-maquillaje","status":"publish","type":"post","link":"https:\/\/dimensionturistica.com\/es\/informe-de-tendencias-de-belleza-en-milan-lo-ultimo-en-estilo-y-maquillaje\/","title":{"rendered":"Informe de Tendencias de Belleza en Mil\u00e1n: Lo \u00daltimo en Estilo y Maquillaje"},"content":{"rendered":"<h3>La Belleza de Oto\u00f1o-Invierno: Tendencias Esenciales Desde Mil\u00e1n<\/h3>\n<p>La pasarela siempre ha sido un reflejo de la cultura y el zeitgeist, y la reciente semana de la moda en Mil\u00e1n no fue la excepci\u00f3n. Las tendencias de belleza que emergieron de este evento son un testimonio de la creatividad y la innovaci\u00f3n que caracterizan a las grandes maisons italianas. A continuaci\u00f3n, destacamos los aspectos m\u00e1s relevantes que marcar\u00e1n la temporada de oto\u00f1o-invierno.<\/p>\n<h4>1. <strong>Piel Radiante: El Efecto &#8220;Glowy&#8221;<\/strong><\/h4>\n<p>El maquillaje se inclina hacia lo natural y luminoso. Las firmas presentaron rostros con un acabado v\u00edvido, donde el brillo de la piel se convirti\u00f3 en protagonista. Bases ligeras y iluminadores estrat\u00e9gicamente aplicados ofrecen un efecto fresco y saludable. La tendencia va m\u00e1s all\u00e1 de lo est\u00e9tico; es un reflejo de una actitud positiva y de autoconfianza, un mensaje de que menos puede ser m\u00e1s.<\/p>\n<h4>2. <strong>Ojos que Cuentan Historias<\/strong><\/h4>\n<p>Las miradas se tornaron audaces en Mil\u00e1n, combinando t\u00e9cnica e imaginaci\u00f3n. Se observaron delineados gr\u00e1ficos que desaf\u00edan la geometr\u00eda, junto con sombras en tonos vibrantes. Colores intensos como verdes esmeralda y azules profundos se combinaron con neones, creando un contraste emocionante. Esta paleta de ojos electrizantes no solo resalta la personalidad, sino tambi\u00e9n la versatilidad del maquillaje de ojos, convirti\u00e9ndolos en un lienzo para la autoexpresi\u00f3n.<\/p>\n<h4>3. <strong>Labios en Enfasis: Desde el Cl\u00e1sico al Experimental<\/strong><\/h4>\n<p>El regreso a los labios bien definidos se hizo evidente, donde el rojo cl\u00e1sico se combina con tonos m\u00e1s innovadores como ciruelas y terracotas. Las texturas mate y satinadas coexisten, permitiendo a cada persona elegir su acabado preferido. Sin embargo, el efecto m\u00e1s vanguardista se encuentra en el uso de l\u00e1piz labial difuminado, permitiendo as\u00ed una apariencia m\u00e1s relajada y desenfadada.<\/p>\n<h4>4. <strong>El Cabello: Una Galer\u00eda de Estilos<\/strong><\/h4>\n<p>Los peinados ofrecieron un recorrido por m\u00faltiples eras, destacando lo ecl\u00e9ctico de la est\u00e9tica contempor\u00e1nea. Desde mo\u00f1os deshechos hasta ondas suaves, el cabello suelto fue un est\u00e1ndar para un look desenfadado y sofisticado. La textura tambi\u00e9n jug\u00f3 un papel crucial, con productos que maximizan el volumen y el movimiento. La diversidad es clave, permitiendo que cada persona encuentre su estilo \u00fanico.<\/p>\n<h4>5. <strong>Manicura Innovadora: La U\u00f1a como Canvas<\/strong><\/h4>\n<p>Las u\u00f1as se han convertido en verdaderas obras de arte. Las tendencias apostaron por la mezcla de formas y colores; cada dise\u00f1o parece narrar una historia. Desde tonos pastel en acabados brillantes hasta patrones abstractos, las u\u00f1as son un toque personal que complementa cualquier conjunto, convirti\u00e9ndose en un accesorio m\u00e1s a considerar.<\/p>\n<h3>Conclusi\u00f3n<\/h3>\n<p>La semana de la moda en Mil\u00e1n nos deja ver un campo f\u00e9rtil de creatividad y pasi\u00f3n en el \u00e1mbito de la belleza. Estos looks no solo inspiran, sino que desaf\u00edan a experimentar y a encontrar la propia voz en el mundo del maquillaje y estilismo. Con estas tendencias, cada persona tiene la oportunidad de brillar y expresar su individualidad a trav\u00e9s de la belleza en cada uno de sus detalles.<\/p>\n<p><em> &#8221; Fuentes www.vogue.com &#8221; <\/em><\/p>\n","protected":false},"excerpt":{"rendered":"<p>La Belleza de Oto\u00f1o-Invierno: Tendencias Esenciales Desde Mil\u00e1n La pasarela siempre ha sido un reflejo de la cultura y el zeitgeist, y la reciente semana de la moda en Mil\u00e1n no fue la excepci\u00f3n. Las tendencias de belleza que emergieron de este evento son un testimonio de la creatividad y la innovaci\u00f3n que caracterizan a [&hellip;]<\/p>\n","protected":false},"author":14,"featured_media":1118614,"comment_status":"open","ping_status":"closed","sticky":false,"template":"","format":"standard","meta":{"om_disable_all_campaigns":false,"jnews-multi-image_gallery":[],"jnews_single_post":[],"jnews_primary_category":[],"jnews_social_meta":[],"footnotes":""},"categories":[144872],"tags":[69624,72867,190460,198691,166,76796,97294,14971,9370,58510,94447,120189,372,215333,6194,50356],"class_list":["post-1118613","post","type-post","status-publish","format-standard","has-post-thumbnail","hentry","category-fashion","tag-accessories","tag-beauty","tag-cosmetics","tag-elegance","tag-fashion","tag-glamour","tag-innovative","tag-looks","tag-milan","tag-milan-fashion-week","tag-runway","tag-skincare","tag-style","tag-styles","tag-trends","tag-vogue"],"_links":{"self":[{"href":"https:\/\/dimensionturistica.com\/es\/wp-json\/wp\/v2\/posts\/1118613","targetHints":{"allow":["GET"]}}],"collection":[{"href":"https:\/\/dimensionturistica.com\/es\/wp-json\/wp\/v2\/posts"}],"about":[{"href":"https:\/\/dimensionturistica.com\/es\/wp-json\/wp\/v2\/types\/post"}],"author":[{"embeddable":true,"href":"https:\/\/dimensionturistica.com\/es\/wp-json\/wp\/v2\/users\/14"}],"replies":[{"embeddable":true,"href":"https:\/\/dimensionturistica.com\/es\/wp-json\/wp\/v2\/comments?post=1118613"}],"version-history":[{"count":1,"href":"https:\/\/dimensionturistica.com\/es\/wp-json\/wp\/v2\/posts\/1118613\/revisions"}],"predecessor-version":[{"id":1118615,"href":"https:\/\/dimensionturistica.com\/es\/wp-json\/wp\/v2\/posts\/1118613\/revisions\/1118615"}],"wp:featuredmedia":[{"embeddable":true,"href":"https:\/\/dimensionturistica.com\/es\/wp-json\/wp\/v2\/media\/1118614"}],"wp:attachment":[{"href":"https:\/\/dimensionturistica.com\/es\/wp-json\/wp\/v2\/media?parent=1118613"}],"wp:term":[{"taxonomy":"category","embeddable":true,"href":"https:\/\/dimensionturistica.com\/es\/wp-json\/wp\/v2\/categories?post=1118613"},{"taxonomy":"post_tag","embeddable":true,"href":"https:\/\/dimensionturistica.com\/es\/wp-json\/wp\/v2\/tags?post=1118613"}],"curies":[{"name":"wp","href":"https:\/\/api.w.org\/{rel}","templated":true}]}}