{"id":1118507,"date":"2026-03-01T16:49:42","date_gmt":"2026-03-01T16:49:42","guid":{"rendered":"https:\/\/dimensionturistica.com\/es\/?p=1118507"},"modified":"2026-03-01T16:49:42","modified_gmt":"2026-03-01T16:49:42","slug":"los-mejores-outfits-de-la-gala-de-premios-imagen-naacp-2026","status":"publish","type":"post","link":"https:\/\/dimensionturistica.com\/es\/los-mejores-outfits-de-la-gala-de-premios-imagen-naacp-2026\/","title":{"rendered":"Los Mejores Outfits de la Gala de Premios Imagen NAACP 2026"},"content":{"rendered":"<p><strong>Deslumbrante Elegancia en la Alfombra Roja: Momentos Inolvidables de los Premios NAACP Image 2026<\/strong><\/p>\n<p>El resplandor de la alfombra roja se apoder\u00f3 de la noche en la reciente ceremonia de los premios NAACP Image 2026. Este evento, que celebra los logros sobresalientes en la industria del entretenimiento, no solo se caracteriz\u00f3 por la entrega de galardones, sino que tambi\u00e9n se transform\u00f3 en un desfile de moda que dej\u00f3 huella.<\/p>\n<p><strong>Estilos que Marcan Tendencia<\/strong><\/p>\n<p>Las celebridades asistieron con looks que no solo reflejaron su estilo personal, sino que tambi\u00e9n abrieron camino a nuevas tendencias. Desde cortes audaces hasta detalles sofisticados, cada elecci\u00f3n se convirti\u00f3 en tema de conversaci\u00f3n. Los tonos vibrantes dominaron la noche, con muchos dise\u00f1adores optando por paletas que celebran la diversidad y la riqueza cultural. <\/p>\n<p><strong>Detalles que Cautivan<\/strong><\/p>\n<p>Las texturas jugaron un papel fundamental. Vestidos con bordados intrincados y trajes de corte limpio se destacaron en el evento, mostrando la habilidad de los dise\u00f1adores por combinar tradici\u00f3n y modernidad. Adem\u00e1s, los accesorios fueron clave para elevar los looks. Joyas llamativas adornaron cuellos y mu\u00f1ecas, mientras que calzado elegante complet\u00f3 cada atuendo con un toque de originalidad. <\/p>\n<p><strong>La Fuerza del Color<\/strong><\/p>\n<p>Las tonalidades que resplandecieron incluyeron desde el azul zafiro hasta el rojo fuego. Cada color contaba una historia diferente, resonando con la identidad y la fuerza de quienes los luc\u00edan. Este enfoque en el color no solo aport\u00f3 frescura, sino que tambi\u00e9n sirvi\u00f3 como una declaraci\u00f3n de intenciones, celebrando el orgullo y la diversidad dentro de la comunidad art\u00edstica. <\/p>\n<p><strong>Estrellas que Brillan en la Noche<\/strong><\/p>\n<p>Entre los asistentes, algunos looks sobresalieron por su audacia y ejecuci\u00f3n perfecta. Actrices y actores dejaron claro que la moda puede ser tanto una forma de expresi\u00f3n como una plataforma para el cambio. La elecci\u00f3n de ciertos atuendos, acompa\u00f1ados de mensajes poderosos, resalt\u00f3 la importancia de dar visibilidad a voces y talentos que a menudo son pasados por alto en la industria.<\/p>\n<p><strong>Impacto en Redes Sociales<\/strong><\/p>\n<p>Como era de esperar, las redes sociales se inundaron de im\u00e1genes y comentarios sobre los looks m\u00e1s impactantes de la noche. Los usuarios compartieron sus favoritos, generando debates y celebraciones en torno a la moda. Esta interacci\u00f3n digital no solo amplific\u00f3 el alcance del evento, sino que tambi\u00e9n mostr\u00f3 el papel central que juegan las plataformas online en la forma en que consumimos y compartimos cultura y estilo.<\/p>\n<p><strong>Un Cierre Brillante<\/strong><\/p>\n<p>La alfombra roja de los premios NAACP Image 2026 fue mucho m\u00e1s que un simple evento de premiaci\u00f3n; se trat\u00f3 de una celebraci\u00f3n de la creatividad y la audacia. Los asistentes no solo dejaron su huella fashionista, sino que tambi\u00e9n reafirmaron el poder de la moda como un veh\u00edculo para el cambio social. Un espect\u00e1culo que, sin duda, quedar\u00e1 grabado en la memoria colectiva y que promete inspirar futuras generaciones en el mundo del entretenimiento.<\/p>\n<p><em> &#8221; Fuentes www.vogue.com &#8221; <\/em><\/p>\n","protected":false},"excerpt":{"rendered":"<p>Deslumbrante Elegancia en la Alfombra Roja: Momentos Inolvidables de los Premios NAACP Image 2026 El resplandor de la alfombra roja se apoder\u00f3 de la noche en la reciente ceremonia de los premios NAACP Image 2026. Este evento, que celebra los logros sobresalientes en la industria del entretenimiento, no solo se caracteriz\u00f3 por la entrega de [&hellip;]<\/p>\n","protected":false},"author":14,"featured_media":1118508,"comment_status":"open","ping_status":"closed","sticky":false,"template":"","format":"standard","meta":{"om_disable_all_campaigns":false,"jnews-multi-image_gallery":[],"jnews_single_post":[],"jnews_primary_category":[],"jnews_social_meta":[],"footnotes":""},"categories":[144872],"tags":[55723,198884,201685,198487,166,76796,16295,210585,165,200418],"class_list":["post-1118507","post","type-post","status-publish","format-standard","has-post-thumbnail","hentry","category-fashion","tag-55723","tag-awards-show","tag-best-looks","tag-celebrity-style","tag-fashion","tag-glamour","tag-hollywood","tag-naacp-image-awards","tag-red-carpet","tag-style-trends"],"_links":{"self":[{"href":"https:\/\/dimensionturistica.com\/es\/wp-json\/wp\/v2\/posts\/1118507","targetHints":{"allow":["GET"]}}],"collection":[{"href":"https:\/\/dimensionturistica.com\/es\/wp-json\/wp\/v2\/posts"}],"about":[{"href":"https:\/\/dimensionturistica.com\/es\/wp-json\/wp\/v2\/types\/post"}],"author":[{"embeddable":true,"href":"https:\/\/dimensionturistica.com\/es\/wp-json\/wp\/v2\/users\/14"}],"replies":[{"embeddable":true,"href":"https:\/\/dimensionturistica.com\/es\/wp-json\/wp\/v2\/comments?post=1118507"}],"version-history":[{"count":1,"href":"https:\/\/dimensionturistica.com\/es\/wp-json\/wp\/v2\/posts\/1118507\/revisions"}],"predecessor-version":[{"id":1118509,"href":"https:\/\/dimensionturistica.com\/es\/wp-json\/wp\/v2\/posts\/1118507\/revisions\/1118509"}],"wp:featuredmedia":[{"embeddable":true,"href":"https:\/\/dimensionturistica.com\/es\/wp-json\/wp\/v2\/media\/1118508"}],"wp:attachment":[{"href":"https:\/\/dimensionturistica.com\/es\/wp-json\/wp\/v2\/media?parent=1118507"}],"wp:term":[{"taxonomy":"category","embeddable":true,"href":"https:\/\/dimensionturistica.com\/es\/wp-json\/wp\/v2\/categories?post=1118507"},{"taxonomy":"post_tag","embeddable":true,"href":"https:\/\/dimensionturistica.com\/es\/wp-json\/wp\/v2\/tags?post=1118507"}],"curies":[{"name":"wp","href":"https:\/\/api.w.org\/{rel}","templated":true}]}}