{"id":1118336,"date":"2026-03-01T03:54:47","date_gmt":"2026-03-01T03:54:47","guid":{"rendered":"https:\/\/dimensionturistica.com\/es\/?p=1118336"},"modified":"2026-03-01T03:54:47","modified_gmt":"2026-03-01T03:54:47","slug":"descubre-el-nuevo-estilo-de-flequillo-al-estilo-de-los-70-perfecto-para-cabello-largo","status":"publish","type":"post","link":"https:\/\/dimensionturistica.com\/es\/descubre-el-nuevo-estilo-de-flequillo-al-estilo-de-los-70-perfecto-para-cabello-largo\/","title":{"rendered":"Descubre el nuevo estilo de flequillo al estilo de los 70, perfecto para cabello largo"},"content":{"rendered":"<h3>El Regreso del Corte de los 70: Bella Hadid y Su Impactante Transformaci\u00f3n Capilar<\/h3>\n<p>La moda es c\u00edclica, y cada temporada nos sorprende con resurgimientos de tendencias que nos transportan a \u00e9pocas pasadas. En esta ocasi\u00f3n, el estilo de los a\u00f1os 70 vuelve a brillar con fuerza, y Bella Hadid se convierte en la figura que inspira a los amantes de la moda a adoptar este look ic\u00f3nico.<\/p>\n<h4>Un Look que Transmite Libertad<\/h4>\n<p>El nuevo corte de cabello de Bella Hadid con fleco al estilo de los 70 no es solo un cambio est\u00e9tico, sino una afirmaci\u00f3n de libertad y originalidad. Con su cabello largo y su flequillo voluminoso, Hadid evoca una sensualidad despreocupada que fue s\u00edmbolo de esa \u00e9poca dorada. Este estilo no solo resalta su rostro, sino que tambi\u00e9n aporta un aire de frescura y sofisticaci\u00f3n que atrae las miradas.<\/p>\n<h4>La Influencia de los Iconos del Pasado<\/h4>\n<p>La elecci\u00f3n de este corte no es casual. Las celebridades de los a\u00f1os 70, como Jane Birkin y Farrah Fawcett, han dejado una huella indeleble en la historia de la moda. El fleco, en particular, ha sido un s\u00edmbolo de la contracultura y la innovaci\u00f3n. Hadid, al rendir homenaje a estos \u00edconos, no solo revitaliza el estilo, sino que lo lleva a nuevas alturas con un toque contempor\u00e1neo.<\/p>\n<h4>C\u00f3mo Incorporar este Estilo en Tu D\u00eda a D\u00eda<\/h4>\n<p>Adoptar el fleco de los 70 no requiere ser una supermodelo. Este corte es adaptable y puede funcionar en diversas texturas y longitudes de cabello. Para aquellas que buscan una transformaci\u00f3n m\u00e1s sutil, comenzar con un corte en capas donde el fleco enmarca el rostro puede ser el primer paso ideal. Adem\u00e1s, el uso de productos texturizantes y un secado al aire pueden ayudar a lograr ese look despreocupado y natural que caracteriza esta \u00e9poca.<\/p>\n<h4>La Versatilidad de un Cl\u00e1sico Modernizado<\/h4>\n<p>Una de las grandes ventajas del corte de fleco es su versatilidad. Combinado con outfits casuales o looks m\u00e1s elegantes, puede complementarse de varias maneras. Las mujeres pueden experimentar con diferentes peinados, desde ondas sueltas hasta un estilo liso y pulido. Este fleco se adapta f\u00e1cilmente a distintas ocasiones, lo que lo convierte en un favorito tanto para el d\u00eda como para la noche.<\/p>\n<h4>Conclusi\u00f3n<\/h4>\n<p>El regreso del corte con fleco al estilo de los 70 es una invitaci\u00f3n a experimentar y redescubrir la individualidad. Inspiradas por figuras como Bella Hadid, las nuevas generaciones pueden reinterpretar este estilo cl\u00e1sico, d\u00e1ndole una frescura \u00fanica que refleja el zeitgeist actual. La moda, en su esencia, es una forma de expresi\u00f3n, y nunca ha sido m\u00e1s emocionante que ahora, cuando las tendencias del pasado nos ofrecen un sinf\u00edn de posibilidades para el presente.<\/p>\n<p><em> &#8221; Fuentes www.vogue.mx &#8221; <\/em><\/p>\n","protected":false},"excerpt":{"rendered":"<p>El Regreso del Corte de los 70: Bella Hadid y Su Impactante Transformaci\u00f3n Capilar La moda es c\u00edclica, y cada temporada nos sorprende con resurgimientos de tendencias que nos transportan a \u00e9pocas pasadas. En esta ocasi\u00f3n, el estilo de los a\u00f1os 70 vuelve a brillar con fuerza, y Bella Hadid se convierte en la figura [&hellip;]<\/p>\n","protected":false},"author":14,"featured_media":1118337,"comment_status":"open","ping_status":"closed","sticky":false,"template":"","format":"standard","meta":{"om_disable_all_campaigns":false,"jnews-multi-image_gallery":[],"jnews_single_post":[],"jnews_primary_category":[],"jnews_social_meta":[],"footnotes":""},"categories":[144872],"tags":[207929,200685,39783,269606,201310,7758,231236,659,86836,202426],"class_list":["post-1118336","post","type-post","status-publish","format-standard","has-post-thumbnail","hentry","category-fashion","tag-anos-70","tag-bella-hadid","tag-cabello","tag-celebrity-hairstyle","tag-corte-de-cabello","tag-estilo","tag-fleco","tag-moda","tag-pelo-largo","tag-tendencias-de-cabello"],"_links":{"self":[{"href":"https:\/\/dimensionturistica.com\/es\/wp-json\/wp\/v2\/posts\/1118336","targetHints":{"allow":["GET"]}}],"collection":[{"href":"https:\/\/dimensionturistica.com\/es\/wp-json\/wp\/v2\/posts"}],"about":[{"href":"https:\/\/dimensionturistica.com\/es\/wp-json\/wp\/v2\/types\/post"}],"author":[{"embeddable":true,"href":"https:\/\/dimensionturistica.com\/es\/wp-json\/wp\/v2\/users\/14"}],"replies":[{"embeddable":true,"href":"https:\/\/dimensionturistica.com\/es\/wp-json\/wp\/v2\/comments?post=1118336"}],"version-history":[{"count":1,"href":"https:\/\/dimensionturistica.com\/es\/wp-json\/wp\/v2\/posts\/1118336\/revisions"}],"predecessor-version":[{"id":1118338,"href":"https:\/\/dimensionturistica.com\/es\/wp-json\/wp\/v2\/posts\/1118336\/revisions\/1118338"}],"wp:featuredmedia":[{"embeddable":true,"href":"https:\/\/dimensionturistica.com\/es\/wp-json\/wp\/v2\/media\/1118337"}],"wp:attachment":[{"href":"https:\/\/dimensionturistica.com\/es\/wp-json\/wp\/v2\/media?parent=1118336"}],"wp:term":[{"taxonomy":"category","embeddable":true,"href":"https:\/\/dimensionturistica.com\/es\/wp-json\/wp\/v2\/categories?post=1118336"},{"taxonomy":"post_tag","embeddable":true,"href":"https:\/\/dimensionturistica.com\/es\/wp-json\/wp\/v2\/tags?post=1118336"}],"curies":[{"name":"wp","href":"https:\/\/api.w.org\/{rel}","templated":true}]}}