{"id":1118221,"date":"2026-02-28T19:17:34","date_gmt":"2026-02-28T19:17:34","guid":{"rendered":"https:\/\/dimensionturistica.com\/es\/?p=1118221"},"modified":"2026-02-28T19:17:34","modified_gmt":"2026-02-28T19:17:34","slug":"los-estilos-mas-destacados-del-street-style-en-la-semana-de-la-moda-de-milan-otono-invierno-2026","status":"publish","type":"post","link":"https:\/\/dimensionturistica.com\/es\/los-estilos-mas-destacados-del-street-style-en-la-semana-de-la-moda-de-milan-otono-invierno-2026\/","title":{"rendered":"Los estilos m\u00e1s destacados del street style en la Semana de la Moda de Mil\u00e1n Oto\u00f1o-Invierno 2026"},"content":{"rendered":"<h3>La Moda Urbana en el Oto\u00f1o-Invierno 2026: Un Viaje a Trav\u00e9s del Estilo en las Calles de Mil\u00e1n<\/h3>\n<p>La reciente Semana de la Moda de Mil\u00e1n ha sido el epicentro de la creatividad y la innovaci\u00f3n en el \u00e1mbito del estilo urbano, donde las calles se convirtieron en una pasarela improvisada. Este evento no solo resalta las \u00faltimas tendencias de las grandes pasarelas, sino que tambi\u00e9n refleja la esencia del estilo cotidiano de aquellos que marcan la pauta en la moda.<\/p>\n<p><strong>Colores y Texturas que Cautivan<\/strong><\/p>\n<p>El oto\u00f1o-invierno 2026 trajo consigo una paleta vibrante que desaf\u00eda los convencionalismos. Desde tonos tierra y neutrales hasta explosiones de color ne\u00f3n, cada atuendo cuenta una historia. Las combinaciones audaces de texturas, que fusionan lo cl\u00e1sico con lo contempor\u00e1neo, son clave en esta temporada. La mezcla de lana suave, cuero y tejidos sint\u00e9ticos de alto brillo crea un efecto visual intrigante que atrae tanto a los fashionistas como a los curiosos.<\/p>\n<p><strong>Siluetas que Marcan Tendencia<\/strong><\/p>\n<p>Las siluetas en las calles de Mil\u00e1n han sido una revelaci\u00f3n. Las siluetas oversize se combinan perfectamente con prendas ajustadas, creando un balance que resulta tanto c\u00f3modo como estilizado. Chaquetas extragrandes sobre vestidos ajustados y pantalones de tiro alto permiten un contraste que captura la atenci\u00f3n. Los trench coats y abrigos largos, a menudo adornados con cinturones, se destacan como piezas clave que no solo abrigar\u00e1n, sino que tambi\u00e9n aportar\u00e1n un toque de elegancia a cualquier look.<\/p>\n<p><strong>Accesorios que Hacen la Diferencia<\/strong><\/p>\n<p>Los detalles son los que verdaderamente elevan un atuendo. El uso estrat\u00e9gico de accesorios ha sido fundamental para crear un impacto visual. Gafas de sol de gran tama\u00f1o, bolsos de forma arquitect\u00f3nica y botines con acabados inusuales se han posicionado como imprescindibles. Los sombreros de ala ancha y las bufandas oversized no solo cumplen funciones pr\u00e1cticas, sino que tambi\u00e9n a\u00f1aden un aire de misterio y sofisticaci\u00f3n.<\/p>\n<p><strong>La Influencia del Street Art en la Moda<\/strong><\/p>\n<p>Una fuerte conexi\u00f3n entre el arte urbano y la moda se ha manifestado en Mil\u00e1n. Estampados audaces y gr\u00e1ficos llamativos se han integrado en la vestimenta, reflejando un di\u00e1logo constante y fluido entre estas dos disciplinas. Esta tendencia representa una forma de expresi\u00f3n que va m\u00e1s all\u00e1 de la moda, convirti\u00e9ndose en un medio para comunicar ideas y emociones.<\/p>\n<p><strong>El Futuro de la Moda Urbana<\/strong><\/p>\n<p>Mientras Mil\u00e1n redefine el arte del street style, se observa un claro enfoque en la sostenibilidad. Muchos de los looks presentados han incorporado elementos reciclados y marcas comprometidas con pr\u00e1cticas \u00e9ticas, lo que sugiere un cambio significativo hacia una moda m\u00e1s consciente. Esta tendencia se alinea con un creciente deseo entre los consumidores de conocer el origen y el impacto de las prendas que eligen.<\/p>\n<p>La Semana de la Moda de Mil\u00e1n ha demostrado que la moda urbana del oto\u00f1o-invierno 2026 no solo se trata de lo que se lleva, sino de c\u00f3mo se lleva. Con un enfoque en la creatividad, la individualidad y la sostenibilidad, las calles de esta ciudad siguen siendo un poderoso referente para quienes desean destacar en el mundo de la moda. Las lecciones aprendidas en Mil\u00e1n son un recordatorio constante de que el estilo va m\u00e1s all\u00e1 de las tendencias: es una extensi\u00f3n de nuestra identidad. \u00bfListo para inspirarte y llevar la moda a las calles de tu propia ciudad?<\/p>\n<p><em> &#8221; Fuentes www.vogue.mx &#8221; <\/em><\/p>\n","protected":false},"excerpt":{"rendered":"<p>La Moda Urbana en el Oto\u00f1o-Invierno 2026: Un Viaje a Trav\u00e9s del Estilo en las Calles de Mil\u00e1n La reciente Semana de la Moda de Mil\u00e1n ha sido el epicentro de la creatividad y la innovaci\u00f3n en el \u00e1mbito del estilo urbano, donde las calles se convirtieron en una pasarela improvisada. Este evento no solo [&hellip;]<\/p>\n","protected":false},"author":14,"featured_media":1118222,"comment_status":"open","ping_status":"closed","sticky":false,"template":"","format":"standard","meta":{"om_disable_all_campaigns":false,"jnews-multi-image_gallery":[],"jnews_single_post":[],"jnews_primary_category":[],"jnews_social_meta":[],"footnotes":""},"categories":[144872],"tags":[3743,7758,198542,160411,14971,58510,659,214561,94447,46066,2182],"class_list":["post-1118221","post","type-post","status-publish","format-standard","has-post-thumbnail","hentry","category-fashion","tag-diseno","tag-estilo","tag-fashion-trends","tag-fashion-week","tag-looks","tag-milan-fashion-week","tag-moda","tag-otono-invierno-2026","tag-runway","tag-street-style","tag-tendencias"],"_links":{"self":[{"href":"https:\/\/dimensionturistica.com\/es\/wp-json\/wp\/v2\/posts\/1118221","targetHints":{"allow":["GET"]}}],"collection":[{"href":"https:\/\/dimensionturistica.com\/es\/wp-json\/wp\/v2\/posts"}],"about":[{"href":"https:\/\/dimensionturistica.com\/es\/wp-json\/wp\/v2\/types\/post"}],"author":[{"embeddable":true,"href":"https:\/\/dimensionturistica.com\/es\/wp-json\/wp\/v2\/users\/14"}],"replies":[{"embeddable":true,"href":"https:\/\/dimensionturistica.com\/es\/wp-json\/wp\/v2\/comments?post=1118221"}],"version-history":[{"count":1,"href":"https:\/\/dimensionturistica.com\/es\/wp-json\/wp\/v2\/posts\/1118221\/revisions"}],"predecessor-version":[{"id":1118223,"href":"https:\/\/dimensionturistica.com\/es\/wp-json\/wp\/v2\/posts\/1118221\/revisions\/1118223"}],"wp:featuredmedia":[{"embeddable":true,"href":"https:\/\/dimensionturistica.com\/es\/wp-json\/wp\/v2\/media\/1118222"}],"wp:attachment":[{"href":"https:\/\/dimensionturistica.com\/es\/wp-json\/wp\/v2\/media?parent=1118221"}],"wp:term":[{"taxonomy":"category","embeddable":true,"href":"https:\/\/dimensionturistica.com\/es\/wp-json\/wp\/v2\/categories?post=1118221"},{"taxonomy":"post_tag","embeddable":true,"href":"https:\/\/dimensionturistica.com\/es\/wp-json\/wp\/v2\/tags?post=1118221"}],"curies":[{"name":"wp","href":"https:\/\/api.w.org\/{rel}","templated":true}]}}