{"id":1117971,"date":"2026-02-28T03:50:05","date_gmt":"2026-02-28T03:50:05","guid":{"rendered":"https:\/\/dimensionturistica.com\/es\/?p=1117971"},"modified":"2026-02-28T03:50:05","modified_gmt":"2026-02-28T03:50:05","slug":"inicia-en-veracruz-el-programa-1-a-1","status":"publish","type":"post","link":"https:\/\/dimensionturistica.com\/es\/inicia-en-veracruz-el-programa-1-a-1\/","title":{"rendered":"Inicia en Veracruz el programa 1 a 1."},"content":{"rendered":"<h3>Verde y Diversidad: Una Nueva Era en el Turismo de Veracruz<\/h3>\n<p>Veracruz, un estado lleno de historia y cultura, ha lanzado una iniciativa que promete transformar el panorama tur\u00edstico de la regi\u00f3n. El programa 1&#215;1, creado para fortalecer la econom\u00eda local a trav\u00e9s de un turismo m\u00e1s responsable y sostenible, busca fomentar el turismo en comunidades rurales, promoviendo la interacci\u00f3n entre visitantes y anfitriones. Esta estrategia no solo ofrece una nueva experiencia para los viajeros, sino que tambi\u00e9n pone en el centro de la atenci\u00f3n a las tradiciones y modos de vida veracruzanos.<\/p>\n<p>Imagina caminar por senderos rodeados de exuberante vegetaci\u00f3n, descubrir paisajes que todav\u00eda no han sido tocados por el turismo masivo y sumergirte en la rica cultura de las comunidades locales. Desde talleres de artesan\u00edas hasta degustaciones de la deliciosa gastronom\u00eda regional, la experiencia 1&#215;1 est\u00e1 dise\u00f1ada para crear v\u00ednculos significativos y aut\u00e9nticos entre los turistas y los habitantes de las localidades.<\/p>\n<h4>Un Enfoque Sostenible<\/h4>\n<p>El programa no solo respeta el entorno natural, sino que busca mantener viva la cultura local, asegurando que los beneficios del turismo lleguen directamente a las comunidades. Esto se traduce en una experiencia enriquecedora tanto para el visitante como para el residente, promoviendo la conservaci\u00f3n de tradiciones y el desarrollo econ\u00f3mico local.<\/p>\n<p>Las comunidades que participan en esta iniciativa cuentan con una diversidad impresionante. Desde las costas del Golfo de M\u00e9xico con sus playas id\u00edlicas, hasta las monta\u00f1as y sus r\u00edos cristalinos, cada rinc\u00f3n de Veracruz ofrece algo \u00fanico. Los turistas tienen la oportunidad de aprender sobre las pr\u00e1cticas agr\u00edcolas sostenibles que han mantenido a los veracruzanos en armon\u00eda con la naturaleza durante siglos.<\/p>\n<h4>Creando Conexiones Personales<\/h4>\n<p>El programa 1&#215;1 tambi\u00e9n se enfoca en ofrecer una experiencia m\u00e1s \u00edntima, donde los visitantes pueden conocer a sus anfitriones, escuchar sus historias y aprender sobre sus costumbres. Este enfoque no solo enriquece la visita, sino que tambi\u00e9n genera un sentido de responsabilidad y respeto por los lugares que se visitan.<\/p>\n<p>Adem\u00e1s, las experiencias \u00fanicas que se ofrecen pueden variar desde excursiones guiadas por las selvas tropicales, donde se puede observar la biodiversidad, hasta clases de cocina, donde aprender\u00e1s a preparar platillos t\u00edpicos con ingredientes frescos de la regi\u00f3n. Cada encuentro es una oportunidad para apreciar la riqueza cultural de Veracruz de una manera profunda y aut\u00e9ntica.<\/p>\n<h4>Futuro Prometedor<\/h4>\n<p>El lanzamiento del programa 1&#215;1 es solo el comienzo. A medida que m\u00e1s viajeros optan por este tipo de turismo consciente, se espera que el impacto econ\u00f3mico positivo se sienta en diversas \u00e1reas, desde el comercio local hasta la preservaci\u00f3n de la cultura y el medio ambiente.<\/p>\n<p>Veracruz, con su combinaci\u00f3n \u00fanica de historia, cultura y naturaleza, est\u00e1 lista para convertirse en un destino ecol\u00f3gico de referencia. El compromiso con la sostenibilidad, junto con la calidez de sus gentes y la belleza de sus paisajes, asegurar\u00e1 que tanto turistas como locales se beneficien mutuamente de esta nueva era en el turismo.<\/p>\n<p>Si est\u00e1s buscando una escapada que no solo sea memorable, sino que tambi\u00e9n genere un impacto positivo en las comunidades que visitas, no busques m\u00e1s. Veracruz te espera con los brazos abiertos y una invitaci\u00f3n a experimentar la vida en su forma m\u00e1s aut\u00e9ntica. \u00a1Prep\u00e1rate para un viaje que transformar\u00e1 no solo tus vacaciones, sino tambi\u00e9n tu perspectiva sobre el turismo!<\/p>\n<p><em> &#8221; Fuentes columnadigital.com &#8221; <\/em><\/p>\n","protected":false},"excerpt":{"rendered":"<p>Verde y Diversidad: Una Nueva Era en el Turismo de Veracruz Veracruz, un estado lleno de historia y cultura, ha lanzado una iniciativa que promete transformar el panorama tur\u00edstico de la regi\u00f3n. El programa 1&#215;1, creado para fortalecer la econom\u00eda local a trav\u00e9s de un turismo m\u00e1s responsable y sostenible, busca fomentar el turismo en [&hellip;]<\/p>\n","protected":false},"author":4,"featured_media":1117972,"comment_status":"open","ping_status":"closed","sticky":false,"template":"","format":"standard","meta":{"om_disable_all_campaigns":false,"jnews-multi-image_gallery":[],"jnews_single_post":[],"jnews_primary_category":[],"jnews_social_meta":[],"footnotes":""},"categories":[39],"tags":[84292,4713,20125,233985,1607,3336,5473,7549,221013,19363,1819,269522,4645,653,6198],"class_list":["post-1117971","post","type-post","status-publish","format-standard","has-post-thumbnail","hentry","category-viajes","tag-1x1","tag-caracteristicas","tag-ciudadania","tag-columna-digital","tag-desarrollo","tag-educacion","tag-implementacion","tag-iniciativas","tag-intersecciones","tag-lanzamiento","tag-programa","tag-programa-de-movilidad","tag-social","tag-transporte","tag-veracruz"],"_links":{"self":[{"href":"https:\/\/dimensionturistica.com\/es\/wp-json\/wp\/v2\/posts\/1117971","targetHints":{"allow":["GET"]}}],"collection":[{"href":"https:\/\/dimensionturistica.com\/es\/wp-json\/wp\/v2\/posts"}],"about":[{"href":"https:\/\/dimensionturistica.com\/es\/wp-json\/wp\/v2\/types\/post"}],"author":[{"embeddable":true,"href":"https:\/\/dimensionturistica.com\/es\/wp-json\/wp\/v2\/users\/4"}],"replies":[{"embeddable":true,"href":"https:\/\/dimensionturistica.com\/es\/wp-json\/wp\/v2\/comments?post=1117971"}],"version-history":[{"count":1,"href":"https:\/\/dimensionturistica.com\/es\/wp-json\/wp\/v2\/posts\/1117971\/revisions"}],"predecessor-version":[{"id":1117973,"href":"https:\/\/dimensionturistica.com\/es\/wp-json\/wp\/v2\/posts\/1117971\/revisions\/1117973"}],"wp:featuredmedia":[{"embeddable":true,"href":"https:\/\/dimensionturistica.com\/es\/wp-json\/wp\/v2\/media\/1117972"}],"wp:attachment":[{"href":"https:\/\/dimensionturistica.com\/es\/wp-json\/wp\/v2\/media?parent=1117971"}],"wp:term":[{"taxonomy":"category","embeddable":true,"href":"https:\/\/dimensionturistica.com\/es\/wp-json\/wp\/v2\/categories?post=1117971"},{"taxonomy":"post_tag","embeddable":true,"href":"https:\/\/dimensionturistica.com\/es\/wp-json\/wp\/v2\/tags?post=1117971"}],"curies":[{"name":"wp","href":"https:\/\/api.w.org\/{rel}","templated":true}]}}