{"id":1117821,"date":"2026-02-27T18:55:12","date_gmt":"2026-02-27T18:55:12","guid":{"rendered":"https:\/\/dimensionturistica.com\/es\/?p=1117821"},"modified":"2026-02-27T18:55:12","modified_gmt":"2026-02-27T18:55:12","slug":"acuerdo-de-avianca-para-impulsar-el-turismo-en-la-region-de-cordoba-argentina","status":"publish","type":"post","link":"https:\/\/dimensionturistica.com\/es\/acuerdo-de-avianca-para-impulsar-el-turismo-en-la-region-de-cordoba-argentina\/","title":{"rendered":"Acuerdo de Avianca para impulsar el turismo en la regi\u00f3n de C\u00f3rdoba, Argentina"},"content":{"rendered":"<h3>Celebrando el Turismo en C\u00f3rdoba: Una Alianza Estrat\u00e9gica<\/h3>\n<p>La joya del Caribe colombiano, C\u00f3rdoba, se est\u00e1 posicionando como un destino tur\u00edstico de primer orden gracias a una innovadora alianza entre Avianca y la Agencia de Turismo de C\u00f3rdoba. Este acuerdo tiene como objetivo impulsar el desarrollo tur\u00edstico de la regi\u00f3n, potenciando sus encantos y facilitando el acceso a sus atractivos.<\/p>\n<h4>C\u00f3rdoba: Un Destino en Ascenso<\/h4>\n<p>Con paisajes que var\u00edan desde monta\u00f1as hasta playas id\u00edlicas, C\u00f3rdoba presenta una diversidad natural que la convierte en un lugar ideal para los amantes de la aventura y la cultura. Desde el emblem\u00e1tico Parque Nacional Natural Paramillo hasta las tranquilas aguas del Golfo de Urab\u00e1, la regi\u00f3n est\u00e1 repleta de oportunidades para explorar.<\/p>\n<p>Uno de los aspectos m\u00e1s emocionantes de esta alianza es la promoci\u00f3n de recorridos que destacan no solo las bellezas naturales, sino tambi\u00e9n el patrimonio cultural y gastron\u00f3mico de C\u00f3rdoba. Los visitantes podr\u00e1n disfrutar de festividades, m\u00fasica t\u00edpica y, por supuesto, la famosa culinaria local, que fusiona sabores aut\u00f3ctonos con influencias africanas y espa\u00f1olas.<\/p>\n<h4>Facilidades para el Viajero<\/h4>\n<p>La uni\u00f3n entre Avianca y la Agencia de Turismo de C\u00f3rdoba facilitar\u00e1 el acceso a la regi\u00f3n mediante paquetes y promociones especiales. Viajar a C\u00f3rdoba ser\u00e1 m\u00e1s sencillo que nunca, con precios competitivos y opciones de vuelo que se adaptan a diferentes horarios y necesidades. Esta estrategia es esencial, ya que no solo atraer\u00e1 a turistas nacionales, sino tambi\u00e9n a un p\u00fablico internacional que busca descubrir los rincones m\u00e1s aut\u00e9nticos de Colombia.<\/p>\n<p>Adem\u00e1s, esta alianza fortalecer\u00e1 la infraestructura tur\u00edstica local. Con la llegada de m\u00e1s visitantes, se generar\u00e1 un impulso econ\u00f3mico significativo, lo que permitir\u00e1 la creaci\u00f3n de nuevos servicios y la mejora de los existentes. Desde hospedajes boutique hasta experiencias culturales \u00fanicas, cada visitante encontrar\u00e1 algo especial que llevarse de su experiencia en C\u00f3rdoba.<\/p>\n<h4>Un Futuro Prometedor<\/h4>\n<p>La cooperaci\u00f3n entre ambas entidades es un paso hacia un futuro brillante para el turismo en C\u00f3rdoba. La visi\u00f3n compartida de fomentar un turismo sostenible y responsable se traduce en beneficios tanto para los visitantes como para la comunidad local. Este tipo de iniciativas no solo enriquece la oferta tur\u00edstica, sino que tambi\u00e9n promueve el cuidado del medio ambiente y la preservaci\u00f3n de la herencia cultural.<\/p>\n<p>A medida que esta alianza cobra fuerza, los habitantes de C\u00f3rdoba estar\u00e1n preparados para recibir a cada viajero con los brazos abiertos y una calidez que caracteriza a su gente. As\u00ed, C\u00f3rdoba se posiciona en el mapa no solo como un lugar para visitar, sino como un destino que invita a vivir experiencias memorables.<\/p>\n<h3>\u00bfListos para Explorar?<\/h3>\n<p>Si est\u00e1s buscando tu pr\u00f3ximo destino, C\u00f3rdoba deber\u00eda estar en tu lista. Con esta nueva alianza en marcha, el momento de visitar esta hermosa regi\u00f3n es ahora. Disfruta de su riqueza natural, su vibrante cultura y las amables sonrisas de su gente. Sin duda, ser\u00e1 un viaje que dejar\u00e1 huellas imborrables en tu memoria. \u00a1C\u00f3rdoba te espera!<\/p>\n<p><em> &#8221; Sources www.larepublica.co &#8221; <\/em><\/p>\n","protected":false},"excerpt":{"rendered":"<p>Celebrando el Turismo en C\u00f3rdoba: Una Alianza Estrat\u00e9gica La joya del Caribe colombiano, C\u00f3rdoba, se est\u00e1 posicionando como un destino tur\u00edstico de primer orden gracias a una innovadora alianza entre Avianca y la Agencia de Turismo de C\u00f3rdoba. Este acuerdo tiene como objetivo impulsar el desarrollo tur\u00edstico de la regi\u00f3n, potenciando sus encantos y facilitando [&hellip;]<\/p>\n","protected":false},"author":4,"featured_media":1117822,"comment_status":"open","ping_status":"closed","sticky":false,"template":"","format":"standard","meta":{"om_disable_all_campaigns":false,"jnews-multi-image_gallery":[],"jnews_single_post":[],"jnews_primary_category":[],"jnews_social_meta":[],"footnotes":""},"categories":[40],"tags":[3488,651,647,768,652,1654,13508,657,656,4569,585,654,644,558,662,664,185978,648,646,663,661,660,645,604,665,650,666,17436,659,3067,649,658,655,653,544],"class_list":["post-1117821","post","type-post","status-publish","format-standard","has-post-thumbnail","hentry","category-industria","tag-acuerdo","tag-agro","tag-ambiente","tag-argentina","tag-automotor","tag-aviacion","tag-avianca","tag-bancos","tag-bolsas","tag-colaboracion","tag-comercio","tag-comunicaciones","tag-construccin","tag-cordoba","tag-cultura","tag-deporte","tag-desarrollo-regional","tag-educacin","tag-energa-y-minas","tag-entretenimento","tag-espectculos","tag-gastronoma","tag-hacienda","tag-industria","tag-judicial","tag-laboral","tag-legislacin-marcas","tag-marketing-turistico","tag-moda","tag-promocion-turistica","tag-salud","tag-seguros","tag-tecnologa","tag-transporte","tag-turismo"],"_links":{"self":[{"href":"https:\/\/dimensionturistica.com\/es\/wp-json\/wp\/v2\/posts\/1117821","targetHints":{"allow":["GET"]}}],"collection":[{"href":"https:\/\/dimensionturistica.com\/es\/wp-json\/wp\/v2\/posts"}],"about":[{"href":"https:\/\/dimensionturistica.com\/es\/wp-json\/wp\/v2\/types\/post"}],"author":[{"embeddable":true,"href":"https:\/\/dimensionturistica.com\/es\/wp-json\/wp\/v2\/users\/4"}],"replies":[{"embeddable":true,"href":"https:\/\/dimensionturistica.com\/es\/wp-json\/wp\/v2\/comments?post=1117821"}],"version-history":[{"count":1,"href":"https:\/\/dimensionturistica.com\/es\/wp-json\/wp\/v2\/posts\/1117821\/revisions"}],"predecessor-version":[{"id":1117823,"href":"https:\/\/dimensionturistica.com\/es\/wp-json\/wp\/v2\/posts\/1117821\/revisions\/1117823"}],"wp:featuredmedia":[{"embeddable":true,"href":"https:\/\/dimensionturistica.com\/es\/wp-json\/wp\/v2\/media\/1117822"}],"wp:attachment":[{"href":"https:\/\/dimensionturistica.com\/es\/wp-json\/wp\/v2\/media?parent=1117821"}],"wp:term":[{"taxonomy":"category","embeddable":true,"href":"https:\/\/dimensionturistica.com\/es\/wp-json\/wp\/v2\/categories?post=1117821"},{"taxonomy":"post_tag","embeddable":true,"href":"https:\/\/dimensionturistica.com\/es\/wp-json\/wp\/v2\/tags?post=1117821"}],"curies":[{"name":"wp","href":"https:\/\/api.w.org\/{rel}","templated":true}]}}