{"id":1117749,"date":"2026-02-27T16:39:45","date_gmt":"2026-02-27T16:39:45","guid":{"rendered":"https:\/\/dimensionturistica.com\/es\/?p=1117749"},"modified":"2026-02-27T16:39:45","modified_gmt":"2026-02-27T16:39:45","slug":"asi-sera-la-nueva-ruta-que-conectara-madrid-y-lisboa","status":"publish","type":"post","link":"https:\/\/dimensionturistica.com\/es\/asi-sera-la-nueva-ruta-que-conectara-madrid-y-lisboa\/","title":{"rendered":"As\u00ed ser\u00e1 la nueva ruta que conectar\u00e1 Madrid y Lisboa."},"content":{"rendered":"<h3>Un Nuevo Horizonte: La Conexi\u00f3n Eficiente entre Madrid y Lisboa<\/h3>\n<p>La pen\u00ednsula ib\u00e9rica, con su rica herencia cultural y paisajes deslumbrantes, se prepara para una revoluci\u00f3n en la forma en que exploramos sus capitales m\u00e1s emblem\u00e1ticas. En un avance significativo hacia la modernizaci\u00f3n del transporte, se ha anunciado un nuevo trayecto que reducir\u00e1 la distancia entre Madrid y Lisboa en 100 kil\u00f3metros. Este acontecimiento no solo promete acortar tiempos de viaje, sino que tambi\u00e9n abre un mundo de posibilidades para los viajeros ansiosos por descubrir lo mejor de ambas ciudades.<\/p>\n<h4>Menos Kil\u00f3metros, M\u00e1s Aventuras<\/h4>\n<p>Imagina poder salir de la emblem\u00e1tica Puerta del Sol en Madrid por la ma\u00f1ana y encontrarte cenando en el animado Barrio Alto de Lisboa esa misma noche. La nueva ruta, dise\u00f1ada para optimizar la conectividad, proporcionar\u00e1 a los viajeros una forma m\u00e1s r\u00e1pida y c\u00f3moda de trasladarse entre estas dos ciudades vibrantes sin sacrificar la experiencia.<\/p>\n<p>Con un recorrido que promete ser m\u00e1s fluido y menos congestionado, los pasajeros disfrutar\u00e1n de un trayecto que no solo es m\u00e1s corto en distancia, sino que tambi\u00e9n se traducir\u00e1 en menos tiempo de espera y un mayor confort durante el viaje. La modernizaci\u00f3n del transporte est\u00e1 en auge y, sin duda, este nuevo trayecto representa un paso adelante hacia un futuro m\u00e1s interconectado.<\/p>\n<h4>Un V\u00ednculo Cultural Reforzado<\/h4>\n<p>La reducci\u00f3n de la distancia entre Madrid y Lisboa no solo tiene implicaciones log\u00edsticas; tambi\u00e9n es una puerta abierta a un intercambio cultural enriquecido. La posibilidad de viajar con mayor frecuencia facilitar\u00e1 que m\u00e1s personas se aventuren a explorar la herencia \u00fanica de ambas ciudades. Desde la gastronom\u00eda tradicional de Lisboa, que deleita con sus pasteles de nata, hasta los vibrantes mercados de Madrid, el flujo de turistas promete aportar un aire fresco y din\u00e1mico a las ofertas culturales de ambas capitales.<\/p>\n<p>Los festivales de m\u00fasica, las exposiciones art\u00edsticas y la vida nocturna, que son pilares en ambas ciudades, se ver\u00e1n impulsados por un nuevo aflujo de visitantes, creando un clima de colaboraci\u00f3n y celebraci\u00f3n entre dos de las ciudades m\u00e1s fascinantes de Europa.<\/p>\n<h4>Sostenibilidad en el Coraz\u00f3n del Viaje<\/h4>\n<p>Otro aspecto destacado de esta iniciativa es su compromiso con la sostenibilidad. Con la creciente preocupaci\u00f3n por el impacto ambiental del turismo, la ruta busca no solo beneficiar a los viajeros, sino tambi\u00e9n a nuestro entorno. Los nuevos medios de transporte implementados se adaptar\u00e1n a las normativas ambientales actuales, utilizando tecnolog\u00edas innovadoras que minimizan la huella de carbono. Este enfoque no solo es un aliciente para los viajeros conscientes del medio ambiente, sino que tambi\u00e9n anima a la industria tur\u00edstica a repensar c\u00f3mo puede operar de manera m\u00e1s responsable.<\/p>\n<h4>Conclusi\u00f3n: Un Viaje que Inicia Nuevas Historias<\/h4>\n<p>As\u00ed, con la creaci\u00f3n de esta nueva conexi\u00f3n entre Madrid y Lisboa, se abre un abanico de oportunidades para todos los que buscan aventura y descubrimiento. Este trayecto no es solo una cuesti\u00f3n de transporte; es un puente entre culturas, una v\u00eda para experimentar la vida ib\u00e9rica de forma m\u00e1s rica y profunda.<\/p>\n<p>Ya sea que planees un viaje r\u00e1pido de fin de semana o una exploraci\u00f3n m\u00e1s profunda de la cultura y gastronom\u00eda ib\u00e9ricas, esta nueva ruta promete transformar la manera en que conectas con estas dos joyas del viejo continente. \u00a1Prep\u00e1rate para empacar tus maletas y hacer las maletas, porque una nueva era de viajes est\u00e1 a la vuelta de la esquina!<\/p>\n<p><em> &#8221; Fuentes viajes.nationalgeographic.com.es &#8221; <\/em><\/p>\n","protected":false},"excerpt":{"rendered":"<p>Un Nuevo Horizonte: La Conexi\u00f3n Eficiente entre Madrid y Lisboa La pen\u00ednsula ib\u00e9rica, con su rica herencia cultural y paisajes deslumbrantes, se prepara para una revoluci\u00f3n en la forma en que exploramos sus capitales m\u00e1s emblem\u00e1ticas. En un avance significativo hacia la modernizaci\u00f3n del transporte, se ha anunciado un nuevo trayecto que reducir\u00e1 la distancia [&hellip;]<\/p>\n","protected":false},"author":4,"featured_media":1117750,"comment_status":"open","ping_status":"closed","sticky":false,"template":"","format":"standard","meta":{"om_disable_all_campaigns":false,"jnews-multi-image_gallery":[],"jnews_single_post":[],"jnews_primary_category":[],"jnews_social_meta":[],"footnotes":""},"categories":[39],"tags":[710,6967,1653,5683,6643,3259,5747,700,5686,2189,3002,653,20735,15603,545],"class_list":["post-1117749","post","type-post","status-publish","format-standard","has-post-thumbnail","hentry","category-viajes","tag-ciencia","tag-conexion","tag-europa","tag-geographic","tag-historia","tag-infraestructura","tag-lisboa","tag-madrid","tag-national","tag-naturaleza","tag-rutas","tag-transporte","tag-transporte-ferroviario","tag-trayecto","tag-viajes"],"_links":{"self":[{"href":"https:\/\/dimensionturistica.com\/es\/wp-json\/wp\/v2\/posts\/1117749","targetHints":{"allow":["GET"]}}],"collection":[{"href":"https:\/\/dimensionturistica.com\/es\/wp-json\/wp\/v2\/posts"}],"about":[{"href":"https:\/\/dimensionturistica.com\/es\/wp-json\/wp\/v2\/types\/post"}],"author":[{"embeddable":true,"href":"https:\/\/dimensionturistica.com\/es\/wp-json\/wp\/v2\/users\/4"}],"replies":[{"embeddable":true,"href":"https:\/\/dimensionturistica.com\/es\/wp-json\/wp\/v2\/comments?post=1117749"}],"version-history":[{"count":1,"href":"https:\/\/dimensionturistica.com\/es\/wp-json\/wp\/v2\/posts\/1117749\/revisions"}],"predecessor-version":[{"id":1117751,"href":"https:\/\/dimensionturistica.com\/es\/wp-json\/wp\/v2\/posts\/1117749\/revisions\/1117751"}],"wp:featuredmedia":[{"embeddable":true,"href":"https:\/\/dimensionturistica.com\/es\/wp-json\/wp\/v2\/media\/1117750"}],"wp:attachment":[{"href":"https:\/\/dimensionturistica.com\/es\/wp-json\/wp\/v2\/media?parent=1117749"}],"wp:term":[{"taxonomy":"category","embeddable":true,"href":"https:\/\/dimensionturistica.com\/es\/wp-json\/wp\/v2\/categories?post=1117749"},{"taxonomy":"post_tag","embeddable":true,"href":"https:\/\/dimensionturistica.com\/es\/wp-json\/wp\/v2\/tags?post=1117749"}],"curies":[{"name":"wp","href":"https:\/\/api.w.org\/{rel}","templated":true}]}}