{"id":1117482,"date":"2026-02-27T03:23:54","date_gmt":"2026-02-27T03:23:54","guid":{"rendered":"https:\/\/dimensionturistica.com\/es\/?p=1117482"},"modified":"2026-02-27T03:23:54","modified_gmt":"2026-02-27T03:23:54","slug":"la-incorporacion-de-club-de-vacaciones-al-grupo-de-agencias-de-viajes-unav","status":"publish","type":"post","link":"https:\/\/dimensionturistica.com\/es\/la-incorporacion-de-club-de-vacaciones-al-grupo-de-agencias-de-viajes-unav\/","title":{"rendered":"La incorporaci\u00f3n de Club de Vacaciones al grupo de agencias de viajes UNAV."},"content":{"rendered":"<h3>Innovaci\u00f3n en el Mundo del Turismo: Una Nueva Alianza Estrat\u00e9gica<\/h3>\n<p>En un panorama donde las experiencias de viaje han tomado un vuelo multicolor, la creaci\u00f3n de sinergias entre operadores tur\u00edsticos se convierte en un pilar fundamental para ofrecer servicios de calidad. Un reciente anuncio ha sacudido el sector: el Club de Vacaciones del Grupo Viajes El Corte Ingl\u00e9s se ha incorporado a UNAV, la Uni\u00f3n Nacional de Agencias de Viajes. Esta decisi\u00f3n no solo representa un paso estrat\u00e9gico para el club, sino que tambi\u00e9n abre un abanico de oportunidades para los viajeros que buscan experiencias \u00fanicas y personalizadas.<\/p>\n<p><strong>Mejoras en la Experiencia del Viajero<\/strong><\/p>\n<p>La incorporaci\u00f3n a UNAV promete una serie de mejoras que beneficiar\u00e1n a los usuarios. Con la uni\u00f3n de fuerzas, el Club de Vacaciones podr\u00e1 aprovechar la amplia red de contactos y recursos que ofrece la asociaci\u00f3n. Esto significa acceso a una variedad a\u00fan mayor de destinos, paquetes exclusivos y condiciones m\u00e1s ventajosas que elevar\u00e1n la experiencia del viajero. La idea es que cada cliente pueda encontrar la opci\u00f3n que mejor se adapte a sus necesidades y expectativas, facilitando una planificaci\u00f3n de viaje m\u00e1s fluida y enriquecedora.<\/p>\n<p><strong>Un Horizonte lleno de Oportunidades<\/strong><\/p>\n<p>UNAV, con su s\u00f3lida reputaci\u00f3n y trayectoria en el sector, dar\u00e1 la bienvenida al Club de Vacaciones, integrando sus propuestas en un contexto m\u00e1s amplio. Esta uni\u00f3n marca un hito no solo en la historia del Grupo Viajes El Corte Ingl\u00e9s, sino tambi\u00e9n en la propia UNAV, que se fortalece con la entrada de uno de los clubes vacacionales m\u00e1s reputados del mercado. En un entorno competitivo, la colaboraci\u00f3n se presenta como un camino hacia la excelencia y la diferenciaci\u00f3n.<\/p>\n<p><strong>Compromiso con la Sostenibilidad<\/strong><\/p>\n<p>Ambas entidades han mostrado un firme compromiso con la sostenibilidad en el turismo. La sinergia permitir\u00e1 explorar nuevas modalidades de viaje que respeten el medio ambiente, adem\u00e1s de fomentar un turismo responsable que beneficie a las comunidades locales. Este es un punto crucial en la actualidad, donde los viajeros buscan no solo disfrutar, sino tambi\u00e9n dejar un impacto positivo en los destinos que visitan.<\/p>\n<p><strong>Conclusi\u00f3n: Un Futuro Brillante para el Turismo<\/strong><\/p>\n<p>La uni\u00f3n del Club de Vacaciones del Grupo Viajes El Corte Ingl\u00e9s y UNAV representa un futuro brillante para el turismo en Espa\u00f1a. Al ofrecer mejoras en la experiencia del cliente, un acceso m\u00e1s amplio a destinos, y un compromiso con pr\u00e1cticas sostenibles, esta colaboraci\u00f3n se traduce en beneficios concretos para los viajeros. A medida que avanzamos hacia un nuevo cap\u00edtulo en el sector, los consumidores est\u00e1n llamados a aprovechar estas iniciativas que innovan y enriquecen su manera de descubrir el mundo. <\/p>\n<p>La invitaci\u00f3n es clara: sigue explorando, sigue so\u00f1ando y prep\u00e1rate para vivir momentos inolvidables que marquen la diferencia en tus aventuras.<\/p>\n<p><em> &#8221; Fuentes gacetadelturismo.com &#8221; <\/em><\/p>\n","protected":false},"excerpt":{"rendered":"<p>Innovaci\u00f3n en el Mundo del Turismo: Una Nueva Alianza Estrat\u00e9gica En un panorama donde las experiencias de viaje han tomado un vuelo multicolor, la creaci\u00f3n de sinergias entre operadores tur\u00edsticos se convierte en un pilar fundamental para ofrecer servicios de calidad. Un reciente anuncio ha sacudido el sector: el Club de Vacaciones del Grupo Viajes [&hellip;]<\/p>\n","protected":false},"author":4,"featured_media":1117483,"comment_status":"open","ping_status":"closed","sticky":false,"template":"","format":"standard","meta":{"om_disable_all_campaigns":false,"jnews-multi-image_gallery":[],"jnews_single_post":[],"jnews_primary_category":[],"jnews_social_meta":[],"footnotes":""},"categories":[39],"tags":[569,16915,4569,62223,544,4029,5682,545,29675],"class_list":["post-1117482","post","type-post","status-publish","format-standard","has-post-thumbnail","hentry","category-viajes","tag-agencias-de-viajes","tag-club-de-vacaciones","tag-colaboracion","tag-grupo-viajes-el-corte-ingles","tag-turismo","tag-unav","tag-vacacional","tag-viajes","tag-viajes-organizados"],"_links":{"self":[{"href":"https:\/\/dimensionturistica.com\/es\/wp-json\/wp\/v2\/posts\/1117482","targetHints":{"allow":["GET"]}}],"collection":[{"href":"https:\/\/dimensionturistica.com\/es\/wp-json\/wp\/v2\/posts"}],"about":[{"href":"https:\/\/dimensionturistica.com\/es\/wp-json\/wp\/v2\/types\/post"}],"author":[{"embeddable":true,"href":"https:\/\/dimensionturistica.com\/es\/wp-json\/wp\/v2\/users\/4"}],"replies":[{"embeddable":true,"href":"https:\/\/dimensionturistica.com\/es\/wp-json\/wp\/v2\/comments?post=1117482"}],"version-history":[{"count":1,"href":"https:\/\/dimensionturistica.com\/es\/wp-json\/wp\/v2\/posts\/1117482\/revisions"}],"predecessor-version":[{"id":1117484,"href":"https:\/\/dimensionturistica.com\/es\/wp-json\/wp\/v2\/posts\/1117482\/revisions\/1117484"}],"wp:featuredmedia":[{"embeddable":true,"href":"https:\/\/dimensionturistica.com\/es\/wp-json\/wp\/v2\/media\/1117483"}],"wp:attachment":[{"href":"https:\/\/dimensionturistica.com\/es\/wp-json\/wp\/v2\/media?parent=1117482"}],"wp:term":[{"taxonomy":"category","embeddable":true,"href":"https:\/\/dimensionturistica.com\/es\/wp-json\/wp\/v2\/categories?post=1117482"},{"taxonomy":"post_tag","embeddable":true,"href":"https:\/\/dimensionturistica.com\/es\/wp-json\/wp\/v2\/tags?post=1117482"}],"curies":[{"name":"wp","href":"https:\/\/api.w.org\/{rel}","templated":true}]}}