{"id":1117045,"date":"2026-02-26T16:13:35","date_gmt":"2026-02-26T16:13:35","guid":{"rendered":"https:\/\/dimensionturistica.com\/es\/?p=1117045"},"modified":"2026-02-26T16:13:35","modified_gmt":"2026-02-26T16:13:35","slug":"coleccion-otono-2026-lista-para-usar-de-anteprima","status":"publish","type":"post","link":"https:\/\/dimensionturistica.com\/es\/coleccion-otono-2026-lista-para-usar-de-anteprima\/","title":{"rendered":"Colecci\u00f3n Oto\u00f1o 2026 Lista para Usar de Anteprima"},"content":{"rendered":"<h3>La Revoluci\u00f3n Textil de Anteprima: Innovaci\u00f3n y Elegancia en la Pasarela Oto\u00f1o-Invierno 2026<\/h3>\n<p>La pasarela de Anteprima ha irrumpe con una colecci\u00f3n que redefine los est\u00e1ndares de la moda contempor\u00e1nea. En un espect\u00e1culo inesperado, la marca muestra su destreza en la fusi\u00f3n de tecnolog\u00eda y artesan\u00eda, llev\u00e1ndonos a un futuro donde el dise\u00f1o y la sostenibilidad se dan la mano.<\/p>\n<h4>Elementos Destacados<\/h4>\n<p><strong>Textiles Inteligentes<\/strong><br \/>\nLos dise\u00f1os de esta temporada se caracterizan por el uso de textiles innovadores, que combinan funcionalidad y est\u00e9tica. Los materiales ligeros, con propiedades de adaptaci\u00f3n a la temperatura y transpirabilidad, son un testimonio del avance en la industria textil. Cada prenda parece contar una historia, no solo de moda, sino de un futuro m\u00e1s sostenible.<\/p>\n<p><strong>Paleta de Colores<\/strong><br \/>\nEl color es un punto focal en la colecci\u00f3n. Las tonalidades vibrantes se mezclan con matices terrosos, creando una sinfon\u00eda visual cautivadora. Este balance no solo refleja las tendencias actuales, sino que tambi\u00e9n invita a la experimentaci\u00f3n. Los tonos azules profundos y verdes esmeralda dominan, simbolizando la conexi\u00f3n entre lo natural y lo urbano.<\/p>\n<h4>El Detalle que Importa<\/h4>\n<p>Los detalles artesanales son la esencia de la propuesta. Bordados meticulosos y acabados cuidados aportan un aire de sofisticaci\u00f3n a las prendas. Elementos como las aplicaciones de cadena y las texturas de superposici\u00f3n se transforman en piezas clave, elevando cada look a un nivel de exclusividad.<\/p>\n<h4>Influencias Culturales<\/h4>\n<p>La colecci\u00f3n de Anteprima no solo se ve influenciada por la moda global, sino que tambi\u00e9n rinde homenaje a las tradiciones art\u00edsticas de distintas culturas. La fusi\u00f3n de estilos resulta en una narrativa visual rica y diversa, donde cada outfit parece encapsular una experiencia \u00fanica. Desde siluetas arquitect\u00f3nicas hasta patrones inspirados en murales antiguos, cada elemento tiene un prop\u00f3sito y un significado.<\/p>\n<h4>Un Mensaje de Sostenibilidad<\/h4>\n<p>La conciencia ambiental se manifiesta no solo en los materiales utilizados, sino tambi\u00e9n en la filosof\u00eda detr\u00e1s de la colecci\u00f3n. Anteprima promueve un enfoque circulatorio en la moda, enfatizando la importancia de un ciclo de vida de la prenda que respete nuestro planeta. La capacidad de las prendas de ser renovadas y adaptadas es un claro llamado a hacer elecciones m\u00e1s responsables en nuestro guardarropa.<\/p>\n<h4>Conclusi\u00f3n de un Encuentro<\/h4>\n<p>La pasarela de Anteprima se convierte en un espacio de di\u00e1logo sobre el futuro de la moda. Los asistentes, en su mayor\u00eda figuras influyentes de la industria, son testigos de una verdadera revoluci\u00f3n textil. Al salir del recinto, la energ\u00eda es palpable, dejando a todos con un sentido de anticipaci\u00f3n por lo que est\u00e1 por venir.<\/p>\n<p>Esta colecci\u00f3n no solo establece tendencias; invita a una reflexi\u00f3n m\u00e1s profunda sobre el papel de la moda en nuestra sociedad. Con cada prenda, Anteprima no solo pensado en lo que llevamos puesto, sino en el mundo en el que vivimos. De esta manera, se lanza un reto: no solo vestir de manera elegante, sino hacerlo de forma consciente y responsable.<\/p>\n<p>En resumen, la presentaci\u00f3n de Anteprima para Oto\u00f1o-Invierno 2026 no es solo un desfile; es un manifiesto visual que provee un vistazo impactante a lo que el futuro de la moda podr\u00eda y deber\u00eda ser.<\/p>\n<p><em> &#8221; Fuentes www.vogue.com &#8221; <\/em><\/p>\n","protected":false},"excerpt":{"rendered":"<p>La Revoluci\u00f3n Textil de Anteprima: Innovaci\u00f3n y Elegancia en la Pasarela Oto\u00f1o-Invierno 2026 La pasarela de Anteprima ha irrumpe con una colecci\u00f3n que redefine los est\u00e1ndares de la moda contempor\u00e1nea. En un espect\u00e1culo inesperado, la marca muestra su destreza en la fusi\u00f3n de tecnolog\u00eda y artesan\u00eda, llev\u00e1ndonos a un futuro donde el dise\u00f1o y la [&hellip;]<\/p>\n","protected":false},"author":14,"featured_media":1117046,"comment_status":"open","ping_status":"closed","sticky":false,"template":"","format":"standard","meta":{"om_disable_all_campaigns":false,"jnews-multi-image_gallery":[],"jnews_single_post":[],"jnews_primary_category":[],"jnews_social_meta":[],"footnotes":""},"categories":[144872],"tags":[211315,18839,200568,253544,263769,166,192704,160469,94447,200339,372,6194],"class_list":["post-1117045","post","type-post","status-publish","format-standard","has-post-thumbnail","hentry","category-fashion","tag-anteprima","tag-collection","tag-designer-fashion","tag-fall-2026","tag-fall-2026-ready-to-wear","tag-fashion","tag-haute-couture","tag-ready-to-wear","tag-runway","tag-runway_review","tag-style","tag-trends"],"_links":{"self":[{"href":"https:\/\/dimensionturistica.com\/es\/wp-json\/wp\/v2\/posts\/1117045","targetHints":{"allow":["GET"]}}],"collection":[{"href":"https:\/\/dimensionturistica.com\/es\/wp-json\/wp\/v2\/posts"}],"about":[{"href":"https:\/\/dimensionturistica.com\/es\/wp-json\/wp\/v2\/types\/post"}],"author":[{"embeddable":true,"href":"https:\/\/dimensionturistica.com\/es\/wp-json\/wp\/v2\/users\/14"}],"replies":[{"embeddable":true,"href":"https:\/\/dimensionturistica.com\/es\/wp-json\/wp\/v2\/comments?post=1117045"}],"version-history":[{"count":1,"href":"https:\/\/dimensionturistica.com\/es\/wp-json\/wp\/v2\/posts\/1117045\/revisions"}],"predecessor-version":[{"id":1117047,"href":"https:\/\/dimensionturistica.com\/es\/wp-json\/wp\/v2\/posts\/1117045\/revisions\/1117047"}],"wp:featuredmedia":[{"embeddable":true,"href":"https:\/\/dimensionturistica.com\/es\/wp-json\/wp\/v2\/media\/1117046"}],"wp:attachment":[{"href":"https:\/\/dimensionturistica.com\/es\/wp-json\/wp\/v2\/media?parent=1117045"}],"wp:term":[{"taxonomy":"category","embeddable":true,"href":"https:\/\/dimensionturistica.com\/es\/wp-json\/wp\/v2\/categories?post=1117045"},{"taxonomy":"post_tag","embeddable":true,"href":"https:\/\/dimensionturistica.com\/es\/wp-json\/wp\/v2\/tags?post=1117045"}],"curies":[{"name":"wp","href":"https:\/\/api.w.org\/{rel}","templated":true}]}}