{"id":1117028,"date":"2026-02-26T15:22:41","date_gmt":"2026-02-26T15:22:41","guid":{"rendered":"https:\/\/dimensionturistica.com\/es\/?p=1117028"},"modified":"2026-02-26T15:22:41","modified_gmt":"2026-02-26T15:22:41","slug":"las-celebridades-brillan-en-la-pasarela-de-la-semana-de-la-moda-de-milan","status":"publish","type":"post","link":"https:\/\/dimensionturistica.com\/es\/las-celebridades-brillan-en-la-pasarela-de-la-semana-de-la-moda-de-milan\/","title":{"rendered":"Las Celebridades Brillan en la Pasarela de la Semana de la Moda de Mil\u00e1n"},"content":{"rendered":"<h3>Brillando en la Pasarela: Las Estrellas que Marcaron la Semana de la Moda de Mil\u00e1n Oto\u00f1o 2026<\/h3>\n<p>Mil\u00e1n, el epicentro del estilo y la creatividad, una vez m\u00e1s se convirti\u00f3 en el escenario ideal donde las tendencias de la temporada cobraron vida. La Semana de la Moda de Oto\u00f1o 2026 no solo fue un fest\u00edn visual en las pasarelas, sino que tambi\u00e9n se transform\u00f3 en un evento repleto de celebridades que deslumbraron con sus elecciones estil\u00edsticas fuera de ellas.<\/p>\n<h4>Estrellas que Transforman el Asfalto en Alfombra Roja<\/h4>\n<p>Cada a\u00f1o, las celebridades ofrecen una c\u00e1tedra de estilo al convertir las calles de esta ic\u00f3nica ciudad italiana en su pasarela personal. En esta edici\u00f3n, vimos a figuras del cine, la m\u00fasica y la televisi\u00f3n desafiando las normas de la moda con looks audaces y sofisticados. Desde trajes de dise\u00f1ador hasta combinaciones inesperadas, cada aparici\u00f3n fue un recordatorio del poder de la autoexpresi\u00f3n a trav\u00e9s de la vestimenta.<\/p>\n<h4>Jugando con Texturas y Colores<\/h4>\n<p>Una de las tendencias m\u00e1s resonantes fue el uso de texturas ricas y paletas de colores llamativas. Actrices y m\u00fasicos optaron por prendas que mezclaban materiales como cuero, seda y terciopelo, creando un juego visual que cautiv\u00f3 a los aficionados de la moda. Los tonos terrosos, junto con acentos vibrantes, dominaron el paisaje, evocando una sensaci\u00f3n de conexi\u00f3n con la naturaleza mientras se mantiene la sofisticaci\u00f3n urbana.<\/p>\n<h4>La Elegancia en Cada Detalle<\/h4>\n<p>No se trat\u00f3 solo de los conjuntos en su totalidad. Cada look se complet\u00f3 con accesorios llamativos que a\u00f1adieron un toque de exclusividad. Bolsos de dise\u00f1o, joyer\u00eda impactante y calzado statement fueron indispensables para elevar a\u00fan m\u00e1s cada atuendo. Las celebridades mostraron que los detalles marcan la diferencia y que un buen accesorio puede transformar instant\u00e1neamente cualquier look.<\/p>\n<h4>Influencias de Pasado y Futuro<\/h4>\n<p>La nostalgia tambi\u00e9n tuvo su lugar en este evento. Se observaron claras influencias retro reinterpretadas con un giro moderno, evidenciando c\u00f3mo la moda est\u00e1 en constante di\u00e1logo con su historia. Siluetas cl\u00e1sicas se combinaron con elementos contempor\u00e1neos, ofreciendo una perspectiva fresca que reuni\u00f3 lo mejor de dos mundos. <\/p>\n<h4>Momentos Inolvidables y Estilo \u00cdcono<\/h4>\n<p>No se puede hablar de este evento sin mencionar algunos momentos memorables: las interacciones espont\u00e1neas entre celebridades, las sonrisas c\u00f3mplices de los dise\u00f1adores con sus musas, y los flashes de las c\u00e1maras que inmortalizaron la magia del instante. Este ambiente vibrante se tradujo en un entusiasmo palpable que reson\u00f3 en las redes sociales, generando un intercambio interminable de apreciaciones, cr\u00edticas y aspiraciones.<\/p>\n<h4>Conclusi\u00f3n<\/h4>\n<p>La Semana de la Moda de Mil\u00e1n Oto\u00f1o 2026 no solo reafirm\u00f3 por qu\u00e9 esta ciudad es la capital de la moda, sino que tambi\u00e9n ofreci\u00f3 un vistazo emocionante a lo que est\u00e1 por venir. La combinaci\u00f3n de talento, creatividad y personalidad de cada una de las celebridades presentes demuestra que la moda es, sin duda, un arte en evoluci\u00f3n. \u00bfQui\u00e9n se atreve a predecir las siguientes tendencias emergentes en este fascinante universo? La conversaci\u00f3n apenas comienza.<\/p>\n<p><em> &#8221; Fuentes www.vogue.com &#8221; <\/em><\/p>\n","protected":false},"excerpt":{"rendered":"<p>Brillando en la Pasarela: Las Estrellas que Marcaron la Semana de la Moda de Mil\u00e1n Oto\u00f1o 2026 Mil\u00e1n, el epicentro del estilo y la creatividad, una vez m\u00e1s se convirti\u00f3 en el escenario ideal donde las tendencias de la temporada cobraron vida. La Semana de la Moda de Oto\u00f1o 2026 no solo fue un fest\u00edn [&hellip;]<\/p>\n","protected":false},"author":14,"featured_media":1117029,"comment_status":"open","ping_status":"closed","sticky":false,"template":"","format":"standard","meta":{"om_disable_all_campaigns":false,"jnews-multi-image_gallery":[],"jnews_single_post":[],"jnews_primary_category":[],"jnews_social_meta":[],"footnotes":""},"categories":[144872],"tags":[47,201213,166,127523,192704,58510,165,94447,372,6194],"class_list":["post-1117028","post","type-post","status-publish","format-standard","has-post-thumbnail","hentry","category-fashion","tag-celebrities","tag-event-coverage","tag-fashion","tag-fashion-industry","tag-haute-couture","tag-milan-fashion-week","tag-red-carpet","tag-runway","tag-style","tag-trends"],"_links":{"self":[{"href":"https:\/\/dimensionturistica.com\/es\/wp-json\/wp\/v2\/posts\/1117028","targetHints":{"allow":["GET"]}}],"collection":[{"href":"https:\/\/dimensionturistica.com\/es\/wp-json\/wp\/v2\/posts"}],"about":[{"href":"https:\/\/dimensionturistica.com\/es\/wp-json\/wp\/v2\/types\/post"}],"author":[{"embeddable":true,"href":"https:\/\/dimensionturistica.com\/es\/wp-json\/wp\/v2\/users\/14"}],"replies":[{"embeddable":true,"href":"https:\/\/dimensionturistica.com\/es\/wp-json\/wp\/v2\/comments?post=1117028"}],"version-history":[{"count":1,"href":"https:\/\/dimensionturistica.com\/es\/wp-json\/wp\/v2\/posts\/1117028\/revisions"}],"predecessor-version":[{"id":1117030,"href":"https:\/\/dimensionturistica.com\/es\/wp-json\/wp\/v2\/posts\/1117028\/revisions\/1117030"}],"wp:featuredmedia":[{"embeddable":true,"href":"https:\/\/dimensionturistica.com\/es\/wp-json\/wp\/v2\/media\/1117029"}],"wp:attachment":[{"href":"https:\/\/dimensionturistica.com\/es\/wp-json\/wp\/v2\/media?parent=1117028"}],"wp:term":[{"taxonomy":"category","embeddable":true,"href":"https:\/\/dimensionturistica.com\/es\/wp-json\/wp\/v2\/categories?post=1117028"},{"taxonomy":"post_tag","embeddable":true,"href":"https:\/\/dimensionturistica.com\/es\/wp-json\/wp\/v2\/tags?post=1117028"}],"curies":[{"name":"wp","href":"https:\/\/api.w.org\/{rel}","templated":true}]}}