{"id":1116920,"date":"2026-02-26T10:14:40","date_gmt":"2026-02-26T10:14:40","guid":{"rendered":"https:\/\/dimensionturistica.com\/es\/?p=1116920"},"modified":"2026-02-26T10:14:40","modified_gmt":"2026-02-26T10:14:40","slug":"coleccion-otono-invierno-2026-listo-para-llevar-de-genny","status":"publish","type":"post","link":"https:\/\/dimensionturistica.com\/es\/coleccion-otono-invierno-2026-listo-para-llevar-de-genny\/","title":{"rendered":"Colecci\u00f3n Oto\u00f1o-Invierno 2026 Listo para Llevar de Genny"},"content":{"rendered":"<h3>Genny: La Elegancia Moderna en la Pasarela Oto\u00f1o-Invierno 2026<\/h3>\n<p>En el coraz\u00f3n de las \u00faltimas tendencias de la moda, Genny ha dejado una marca indeleble en la pasarela de Oto\u00f1o-Invierno 2026. La colecci\u00f3n exuda un aire de sofisticaci\u00f3n contempor\u00e1nea, combinando elementos atemporales con toques innovadores que redefinen el concepto de elegancia.<\/p>\n<h4>Una Paleta Cautivadora<\/h4>\n<p>La colecci\u00f3n se despliega en una paleta que abraza la diversidad de tonos y texturas. Desde ricos tonos terracota hasta suaves matices de malva, cada pieza cuenta una historia. Este enfoque crom\u00e1tico no solo resalta la versatilidad de las prendas, sino que tambi\u00e9n invita a las y los amantes de la moda a experimentar con diferentes combinaciones, haciendo de cada atuendo una declaraci\u00f3n personal.<\/p>\n<h4>Siluetas que Enamoran<\/h4>\n<p>Las siluetas presentadas por Genny son un juego fascinante entre lo cl\u00e1sico y lo contempor\u00e1neo. Las l\u00edneas limpias y estructuradas se entrelazan con formas fluidas, creando un contraste visual que es cautivador. Los vestidos, que oscilan entre lo formal y lo cotidiano, est\u00e1n dise\u00f1ados para adaptarse a diversas ocasiones, destacando la practicidad sin sacrificar el estilo.<\/p>\n<h4>Detalles que Marcan la Diferencia<\/h4>\n<p>Un elemento distintivo de la colecci\u00f3n son los detalles minuciosos que elevan cada prenda. Bordados delicados, botones art\u00edsticos y acabados inesperados aportan un toque de singularidad y artesan\u00eda que hab\u00edamos ansiado. Estos detalles no solo embellecen, sino que tambi\u00e9n sirven como conversaci\u00f3n, convirtiendo cada outfit en una obra de arte que capta la atenci\u00f3n.<\/p>\n<h4>Texturas que Invitan a Tocar<\/h4>\n<p>La elecci\u00f3n de tejidos en la colecci\u00f3n refleja un compromiso con la calidad y la innovaci\u00f3n. Las mezclas suaves y lujosas, como la seda y la lana, ofrecen texturas que estimulan los sentidos. Este enfoque permite que cada prenda no solo sea visualmente atractiva, sino tambi\u00e9n c\u00f3moda, destacando la importancia de la funcionalidad en la moda moderna.<\/p>\n<h4>Un Mensaje de Empoderamiento<\/h4>\n<p>Adem\u00e1s de su est\u00e9tica cautivadora, la colecci\u00f3n de Genny transmite un mensaje de empoderamiento. Las prendas est\u00e1n dise\u00f1adas para adaptarse a la figura de cada mujer, enfatizando la confianza y la individualidad. Este enfoque no solo es relevante, sino que resuena profundamente en una era donde la diversidad y la autoexpresi\u00f3n son celebradas.<\/p>\n<h4>La Experiencia en la Pasarela<\/h4>\n<p>Durante el desfile, la atm\u00f3sfera vibrante combin\u00f3 m\u00fasica envolvente y una escenograf\u00eda minimalista que permitieron que la colecci\u00f3n brillara en todo su esplendor. Cada modelo desfil\u00f3 con una gracia inigualable, mostrando c\u00f3mo la moda puede ser presentada como una forma de arte viva. La conexi\u00f3n entre las prendas y quienes las luc\u00edan cre\u00f3 una experiencia que trascendi\u00f3 la simple exhibici\u00f3n, haciendo de este evento un recuerdo inolvidable.<\/p>\n<h3>Un Futuro Brillante para Genny<\/h3>\n<p>La colecci\u00f3n de Oto\u00f1o-Invierno 2026 de Genny no solo establece nuevas pautas en el mundo de la moda, sino que tambi\u00e9n celebra la esencia de la mujer moderna. Con su combinaci\u00f3n de estilo, innovaci\u00f3n y empoderamiento, Genny contin\u00faa su trayectoria de marcar tendencias y definir lo que significa ser elegante en el siglo XXI. Este desfile es solo el comienzo de lo que promete ser un cap\u00edtulo emocionante en la historia de la moda. La atenci\u00f3n est\u00e1 fija en Genny mientras sigue desafiando las normas y reinventando la elegancia para la pr\u00f3xima generaci\u00f3n.<\/p>\n<p><em> &#8221; Fuentes www.vogue.com &#8221; <\/em><\/p>\n","protected":false},"excerpt":{"rendered":"<p>Genny: La Elegancia Moderna en la Pasarela Oto\u00f1o-Invierno 2026 En el coraz\u00f3n de las \u00faltimas tendencias de la moda, Genny ha dejado una marca indeleble en la pasarela de Oto\u00f1o-Invierno 2026. La colecci\u00f3n exuda un aire de sofisticaci\u00f3n contempor\u00e1nea, combinando elementos atemporales con toques innovadores que redefinen el concepto de elegancia. Una Paleta Cautivadora La [&hellip;]<\/p>\n","protected":false},"author":14,"featured_media":1116921,"comment_status":"open","ping_status":"closed","sticky":false,"template":"","format":"standard","meta":{"om_disable_all_campaigns":false,"jnews-multi-image_gallery":[],"jnews_single_post":[],"jnews_primary_category":[],"jnews_social_meta":[],"footnotes":""},"categories":[144872],"tags":[204772,174141,253544,263769,202046,211383,192704,160469,94447,200339,200418,198546],"class_list":["post-1116920","post","type-post","status-publish","format-standard","has-post-thumbnail","hentry","category-fashion","tag-autumn-fashion","tag-designer-clothing","tag-fall-2026","tag-fall-2026-ready-to-wear","tag-fashion-collection","tag-genny","tag-haute-couture","tag-ready-to-wear","tag-runway","tag-runway_review","tag-style-trends","tag-womens-fashion"],"_links":{"self":[{"href":"https:\/\/dimensionturistica.com\/es\/wp-json\/wp\/v2\/posts\/1116920","targetHints":{"allow":["GET"]}}],"collection":[{"href":"https:\/\/dimensionturistica.com\/es\/wp-json\/wp\/v2\/posts"}],"about":[{"href":"https:\/\/dimensionturistica.com\/es\/wp-json\/wp\/v2\/types\/post"}],"author":[{"embeddable":true,"href":"https:\/\/dimensionturistica.com\/es\/wp-json\/wp\/v2\/users\/14"}],"replies":[{"embeddable":true,"href":"https:\/\/dimensionturistica.com\/es\/wp-json\/wp\/v2\/comments?post=1116920"}],"version-history":[{"count":1,"href":"https:\/\/dimensionturistica.com\/es\/wp-json\/wp\/v2\/posts\/1116920\/revisions"}],"predecessor-version":[{"id":1116922,"href":"https:\/\/dimensionturistica.com\/es\/wp-json\/wp\/v2\/posts\/1116920\/revisions\/1116922"}],"wp:featuredmedia":[{"embeddable":true,"href":"https:\/\/dimensionturistica.com\/es\/wp-json\/wp\/v2\/media\/1116921"}],"wp:attachment":[{"href":"https:\/\/dimensionturistica.com\/es\/wp-json\/wp\/v2\/media?parent=1116920"}],"wp:term":[{"taxonomy":"category","embeddable":true,"href":"https:\/\/dimensionturistica.com\/es\/wp-json\/wp\/v2\/categories?post=1116920"},{"taxonomy":"post_tag","embeddable":true,"href":"https:\/\/dimensionturistica.com\/es\/wp-json\/wp\/v2\/tags?post=1116920"}],"curies":[{"name":"wp","href":"https:\/\/api.w.org\/{rel}","templated":true}]}}