{"id":1116800,"date":"2026-02-26T03:24:32","date_gmt":"2026-02-26T03:24:32","guid":{"rendered":"https:\/\/dimensionturistica.com\/es\/?p=1116800"},"modified":"2026-02-26T03:24:32","modified_gmt":"2026-02-26T03:24:32","slug":"leon-xiv-revela-su-agenda-de-proximas-visitas-internacionales","status":"publish","type":"post","link":"https:\/\/dimensionturistica.com\/es\/leon-xiv-revela-su-agenda-de-proximas-visitas-internacionales\/","title":{"rendered":"Le\u00f3n XIV revela su agenda de pr\u00f3ximas visitas internacionales"},"content":{"rendered":"<h3>Descubriendo la Nueva Era del Vaticano: Los Viajes Apost\u00f3licos de Le\u00f3n XIV<\/h3>\n<p>En el coraz\u00f3n de Roma, la Ciudad Eterna, se encuentra el Vaticano, un enclave cargado de historia, fe y cultura. Este peque\u00f1o estado, l\u00edder espiritual de m\u00e1s de mil millones de cat\u00f3licos en el mundo, est\u00e1 a punto de atravesar un nuevo cap\u00edtulo gracias a los planes de su actual l\u00edder, el Papa Le\u00f3n XIV. Sus pr\u00f3ximos viajes apost\u00f3licos prometen no solo atraer a miles de fieles, sino tambi\u00e9n ofrecer una mirada fresca y renovada a las tradiciones del cristianismo.<\/p>\n<p>Le\u00f3n XIV, quien asumi\u00f3 el papado en un clima de expectaci\u00f3n y esperanza, se ha comprometido a reavivar el v\u00ednculo entre la Santa Sede y el mundo. Entre sus pr\u00f3ximos destinos se encuentran pa\u00edses que no solo tienen una fuerte presencia cat\u00f3lica, sino que tambi\u00e9n est\u00e1n en la constante b\u00fasqueda de la paz y la justicia social. As\u00ed, su agenda incluye visitas a lugares emblem\u00e1ticos que han sido marcados por conflictos, pero tambi\u00e9n por un inquebrantable esp\u00edritu de comunidad.<\/p>\n<p>Uno de los viajes m\u00e1s esperados es a Brasil, un pa\u00eds donde el catolicismo no solo es una religi\u00f3n, sino una parte esencial de la cultura nacional. Los feligreses esperan con ansias escuchar del Papa mensajes de esperanza en un pa\u00eds que ha enfrentado desaf\u00edos significativos en los \u00faltimos a\u00f1os, desde crisis pol\u00edticas hasta problemas sociales. Su mensaje de unidad y amor podr\u00eda resonar profundamente en un pueblo que busca sanaci\u00f3n y renovaci\u00f3n.<\/p>\n<p>Otro destino que ha captado la atenci\u00f3n es India, donde la diversidad religiosa y cultural ofrece una rica experiencia tanto para el Papa como para los cat\u00f3licos locales. Este viaje no solo ser\u00e1 una oportunidad para celebrar la fe, sino tambi\u00e9n para fomentar el di\u00e1logo interreligioso en un mundo dividido. Las calles de Mumbai seguramente se llenar\u00e1n de colores y canciones en preparaci\u00f3n para la llegada de Le\u00f3n XIV, un evento que se espera sea recordado durante generaciones.<\/p>\n<p>El entusiasmo por estos viajes no solo se siente entre los seguidores del Papa, sino tambi\u00e9n en el \u00e1mbito tur\u00edstico. Las peregrinaciones y los viajes relacionados con la fe suelen estimular la econom\u00eda local, con un aumento en la demanda de servicios de alojamiento y gu\u00edas tur\u00edsticos. Ciudades anfitrionas est\u00e1n trabajando arduamente para prepararse y ofrecer a los visitantes una experiencia que combine espiritualidad con cultura, hosteler\u00eda y hospitalidad.<\/p>\n<p>Los viajes de Le\u00f3n XIV representan una invitaci\u00f3n, no solo para los cat\u00f3licos, sino para todos aquellos interesados en la intersecci\u00f3n entre religi\u00f3n, cultura y comunidad. Cada parada en su itinerario es una oportunidad para profundizar en la comprensi\u00f3n y el respeto mutuo. El mundo, tan dividido en muchos sentidos, necesita estas voces de unidad y esperanza.<\/p>\n<p>As\u00ed que, si te encuentras en alguna de las ciudades que Le\u00f3n XIV planea visitar, considera la oportunidad no solo de presenciar la llegada del l\u00edder espiritual, sino de experimentar la vibrante cultura local y la calidez de sus gentes. Vente preparado para ser parte de un evento que trasciende lo religioso y se manifiesta como un fen\u00f3meno social que celebra la vida, la esperanza y, sobre todo, la humanidad.<\/p>\n<p>En resumen, los futuros viajes del Papa Le\u00f3n XIV son m\u00e1s que simples recorridos; son un llamado a la reflexi\u00f3n y a la conexi\u00f3n. A medida que nos acercamos a estas fechas, el mundo observa con inter\u00e9s c\u00f3mo este nuevo l\u00edder podr\u00eda remodelar el di\u00e1logo entre la religi\u00f3n y la comunidad global, ofreciendo un mensaje claro: el amor y la unidad son fundamentales en tiempos de cambio.<\/p>\n<p><em> &#8221; Fuentes planoinformativo.com &#8221; <\/em><\/p>\n","protected":false},"excerpt":{"rendered":"<p>Descubriendo la Nueva Era del Vaticano: Los Viajes Apost\u00f3licos de Le\u00f3n XIV En el coraz\u00f3n de Roma, la Ciudad Eterna, se encuentra el Vaticano, un enclave cargado de historia, fe y cultura. Este peque\u00f1o estado, l\u00edder espiritual de m\u00e1s de mil millones de cat\u00f3licos en el mundo, est\u00e1 a punto de atravesar un nuevo cap\u00edtulo [&hellip;]<\/p>\n","protected":false},"author":4,"featured_media":1116802,"comment_status":"open","ping_status":"closed","sticky":false,"template":"","format":"standard","meta":{"om_disable_all_campaigns":false,"jnews-multi-image_gallery":[],"jnews_single_post":[],"jnews_primary_category":[],"jnews_social_meta":[],"footnotes":""},"categories":[39],"tags":[8431,17983,223034,705,467,3422,545],"class_list":["post-1116800","post","type-post","status-publish","format-standard","has-post-thumbnail","hentry","category-viajes","tag-anuncio","tag-iglesia-catolica","tag-leon-xiv","tag-noticias","tag-religion","tag-vaticano","tag-viajes"],"_links":{"self":[{"href":"https:\/\/dimensionturistica.com\/es\/wp-json\/wp\/v2\/posts\/1116800","targetHints":{"allow":["GET"]}}],"collection":[{"href":"https:\/\/dimensionturistica.com\/es\/wp-json\/wp\/v2\/posts"}],"about":[{"href":"https:\/\/dimensionturistica.com\/es\/wp-json\/wp\/v2\/types\/post"}],"author":[{"embeddable":true,"href":"https:\/\/dimensionturistica.com\/es\/wp-json\/wp\/v2\/users\/4"}],"replies":[{"embeddable":true,"href":"https:\/\/dimensionturistica.com\/es\/wp-json\/wp\/v2\/comments?post=1116800"}],"version-history":[{"count":1,"href":"https:\/\/dimensionturistica.com\/es\/wp-json\/wp\/v2\/posts\/1116800\/revisions"}],"predecessor-version":[{"id":1116804,"href":"https:\/\/dimensionturistica.com\/es\/wp-json\/wp\/v2\/posts\/1116800\/revisions\/1116804"}],"wp:featuredmedia":[{"embeddable":true,"href":"https:\/\/dimensionturistica.com\/es\/wp-json\/wp\/v2\/media\/1116802"}],"wp:attachment":[{"href":"https:\/\/dimensionturistica.com\/es\/wp-json\/wp\/v2\/media?parent=1116800"}],"wp:term":[{"taxonomy":"category","embeddable":true,"href":"https:\/\/dimensionturistica.com\/es\/wp-json\/wp\/v2\/categories?post=1116800"},{"taxonomy":"post_tag","embeddable":true,"href":"https:\/\/dimensionturistica.com\/es\/wp-json\/wp\/v2\/tags?post=1116800"}],"curies":[{"name":"wp","href":"https:\/\/api.w.org\/{rel}","templated":true}]}}