{"id":1116604,"date":"2026-02-25T18:44:44","date_gmt":"2026-02-25T18:44:44","guid":{"rendered":"https:\/\/dimensionturistica.com\/es\/?p=1116604"},"modified":"2026-02-25T18:44:44","modified_gmt":"2026-02-25T18:44:44","slug":"imc-se-une-a-reclama-travel-para-potenciar-su-expansion-internacional","status":"publish","type":"post","link":"https:\/\/dimensionturistica.com\/es\/imc-se-une-a-reclama-travel-para-potenciar-su-expansion-internacional\/","title":{"rendered":"IMC se une a Reclama Travel para potenciar su expansi\u00f3n internacional."},"content":{"rendered":"<h3>Impulsando la Internacionalizaci\u00f3n del Turismo: La Nueva Alianza de Reclama Travel<\/h3>\n<p>En un mundo donde el turismo se ha convertido en uno de los motores econ\u00f3micos m\u00e1s importantes, las estrategias para expandir el alcance de las empresas del sector son cruciales. Recientemente, la empresa Reclama Travel ha dado un paso significativo hacia la internacionalizaci\u00f3n al anunciar la entrada de IMC en su capital. Esta alianza no solo promete un impulso en sus operaciones, sino que tambi\u00e9n refleja una tendencia creciente en la industria tur\u00edstica de diversificarse y adaptarse a un mercado global en constante cambio.<\/p>\n<h4>Una Estrategia Visionaria<\/h4>\n<p>Reclama Travel, conocida por su enfoque innovador en soluciones de movilidad y gesti\u00f3n de viajes, ha visto en esta colaboraci\u00f3n una oportunidad dorada. IMC, con su vasta experiencia y an\u00e1lisis de mercado, aportar\u00e1 recursos valiosos que facilitar\u00e1n la expansi\u00f3n de Reclama Travel m\u00e1s all\u00e1 de sus fronteras. La firma ha hecho hincapi\u00e9 en la importancia de diversificar su oferta y adaptarse a las demandas del nuevo viajero, cada vez m\u00e1s \u00e1vido de experiencias \u00fanicas y memorables.<\/p>\n<h4>Oportunidades a Nivel Global<\/h4>\n<p>En un contexto mundial donde las preferencias tur\u00edsticas est\u00e1n cambiando r\u00e1pidamente, las empresas deben ser proactivas. La compra de una participaci\u00f3n en el capital de Reclama Travel por parte de IMC no solo busca capitalizar nuevas oportunidades, sino tambi\u00e9n enriquecer el portafolio de servicios que la compa\u00f1\u00eda ofrece. Esto podr\u00eda incluir desde asesor\u00eda personalizada hasta soluciones tecnol\u00f3gicas que optimicen la gesti\u00f3n de viajes, siempre centradas en mejorar la experiencia del usuario.<\/p>\n<h4>Innovaci\u00f3n y Sostenibilidad<\/h4>\n<p>Uno de los aspectos m\u00e1s destacados de esta asociaci\u00f3n es su compromiso con la sostenibilidad. Ambas empresas han manifestado su intenci\u00f3n de integrar pr\u00e1cticas responsables en sus operaciones, un factor crucial para los viajeros actuales, que demandan una mayor conciencia ambiental en sus desplazamientos. Desde la implementaci\u00f3n de tecnolog\u00eda que reduzca la huella de carbono hasta la selecci\u00f3n de proveedores que operen bajo est\u00e1ndares de sostenibilidad, esta colaboraci\u00f3n busca marcar un precedente en el sector.<\/p>\n<h4>Un Futuro Prometedor<\/h4>\n<p>Mirando hacia el futuro, Reclama Travel no solo se posiciona como un actor importante a nivel nacional, sino que se proyecta como un competidor formidable en el \u00e1mbito internacional. Con la entrada de IMC en su capital, la empresa est\u00e1 bien equipada para afrontar los retos del ma\u00f1ana. Las expectativas son altas, y el sector tur\u00edstico estar\u00e1 atento a los siguientes pasos de esta alianza.<\/p>\n<h4>Conclusi\u00f3n<\/h4>\n<p>El anuncio de Reclama Travel nos invita a reflexionar sobre la importancia de la adaptaci\u00f3n y la innovaci\u00f3n en el mundo del turismo. En una era donde las experiencias de viaje son m\u00e1s valoradas que nunca, es esencial que las empresas se enfoquen en ofrecer productos y soluciones que respondan a las nuevas demandas del mercado. Este movimiento no solo promete beneficiar a Reclama Travel, sino tambi\u00e9n a un sector que est\u00e1 en constante evoluci\u00f3n, abriendo un abanico de posibilidades para todos los viajeros del futuro.<\/p>\n<p><em> &#8221; Sources www.infobae.com &#8221; <\/em><\/p>\n","protected":false},"excerpt":{"rendered":"<p>Impulsando la Internacionalizaci\u00f3n del Turismo: La Nueva Alianza de Reclama Travel En un mundo donde el turismo se ha convertido en uno de los motores econ\u00f3micos m\u00e1s importantes, las estrategias para expandir el alcance de las empresas del sector son cruciales. Recientemente, la empresa Reclama Travel ha dado un paso significativo hacia la internacionalizaci\u00f3n al [&hellip;]<\/p>\n","protected":false},"author":4,"featured_media":1116605,"comment_status":"open","ping_status":"closed","sticky":false,"template":"","format":"standard","meta":{"om_disable_all_campaigns":false,"jnews-multi-image_gallery":[],"jnews_single_post":[],"jnews_primary_category":[],"jnews_social_meta":[],"footnotes":""},"categories":[40],"tags":[3279,7315,25981,268892,4895,1875,1935,170952,544,545],"class_list":["post-1116604","post","type-post","status-publish","format-standard","has-post-thumbnail","hentry","category-industria","tag-capital","tag-crecimiento","tag-expansion","tag-imc","tag-internacionalizacion","tag-inversion","tag-negocios","tag-reclama-travel","tag-turismo","tag-viajes"],"_links":{"self":[{"href":"https:\/\/dimensionturistica.com\/es\/wp-json\/wp\/v2\/posts\/1116604","targetHints":{"allow":["GET"]}}],"collection":[{"href":"https:\/\/dimensionturistica.com\/es\/wp-json\/wp\/v2\/posts"}],"about":[{"href":"https:\/\/dimensionturistica.com\/es\/wp-json\/wp\/v2\/types\/post"}],"author":[{"embeddable":true,"href":"https:\/\/dimensionturistica.com\/es\/wp-json\/wp\/v2\/users\/4"}],"replies":[{"embeddable":true,"href":"https:\/\/dimensionturistica.com\/es\/wp-json\/wp\/v2\/comments?post=1116604"}],"version-history":[{"count":1,"href":"https:\/\/dimensionturistica.com\/es\/wp-json\/wp\/v2\/posts\/1116604\/revisions"}],"predecessor-version":[{"id":1116606,"href":"https:\/\/dimensionturistica.com\/es\/wp-json\/wp\/v2\/posts\/1116604\/revisions\/1116606"}],"wp:featuredmedia":[{"embeddable":true,"href":"https:\/\/dimensionturistica.com\/es\/wp-json\/wp\/v2\/media\/1116605"}],"wp:attachment":[{"href":"https:\/\/dimensionturistica.com\/es\/wp-json\/wp\/v2\/media?parent=1116604"}],"wp:term":[{"taxonomy":"category","embeddable":true,"href":"https:\/\/dimensionturistica.com\/es\/wp-json\/wp\/v2\/categories?post=1116604"},{"taxonomy":"post_tag","embeddable":true,"href":"https:\/\/dimensionturistica.com\/es\/wp-json\/wp\/v2\/tags?post=1116604"}],"curies":[{"name":"wp","href":"https:\/\/api.w.org\/{rel}","templated":true}]}}