{"id":1116570,"date":"2026-02-25T17:00:39","date_gmt":"2026-02-25T17:00:39","guid":{"rendered":"https:\/\/dimensionturistica.com\/es\/?p=1116570"},"modified":"2026-02-25T17:00:39","modified_gmt":"2026-02-25T17:00:39","slug":"el-santo-padre-revela-planes-de-visitas-misioneras-a-africa-y-europa-en-2026","status":"publish","type":"post","link":"https:\/\/dimensionturistica.com\/es\/el-santo-padre-revela-planes-de-visitas-misioneras-a-africa-y-europa-en-2026\/","title":{"rendered":"El Santo Padre revela planes de visitas misioneras a \u00c1frica y Europa en 2026."},"content":{"rendered":"<h3>Un Viaje Apost\u00f3lico: La Influencia del Papa Le\u00f3n XIV en \u00c1frica y Espa\u00f1a<\/h3>\n<p>En un mundo donde la b\u00fasqueda de significado y conectividad es constante, los viajes apost\u00f3licos ofrecen una ventana hacia la espiritualidad, la cultura y el entendimiento humano. Recientemente, el Papa Le\u00f3n XIV llev\u00f3 a cabo una gira por importantes pa\u00edses de \u00c1frica y Espa\u00f1a, una traves\u00eda que marc\u00f3 un importante hito en su pontificado y dej\u00f3 una huella indeleble en las comunidades visitadas.<\/p>\n<h4>Un Encuentro con la Diversidad<\/h4>\n<p>La visita del Papa a \u00c1frica no solo fue un acto propagativo de fe, sino tambi\u00e9n un llamado a la unidad en un continente diverso, donde coexisten m\u00faltiples culturas, idiomas y tradiciones. Durante su estancia, Le\u00f3n XIV se enfoc\u00f3 en la necesidad de la paz y la reconciliaci\u00f3n, dirigiendo su mensaje a los j\u00f3venes, quienes son la esperanza y el futuro de la regi\u00f3n. La energ\u00eda y la calidez de los africanos, as\u00ed como sus vibrantes costumbres, fueron el tel\u00f3n de fondo perfecto para sus discursos, donde destac\u00f3 la importancia de trabajar juntos en la construcci\u00f3n de un futuro mejor.<\/p>\n<h4>La Tradici\u00f3n Encuentra el Futuro<\/h4>\n<p>Continuando su viaje, el Papa lleg\u00f3 a Espa\u00f1a, un pa\u00eds arraigado en la historia cat\u00f3lica. En un entorno donde la tradici\u00f3n y la modernidad coexisten, Le\u00f3n XIV se dirigi\u00f3 a miles de fieles en un evento que reuni\u00f3 a personas de diversas edades y or\u00edgenes. Aqu\u00ed, su mensaje se centr\u00f3 en la importancia de la familia y la solidaridad, valores que resuenan profundamente en la cultura espa\u00f1ola.<\/p>\n<p>La conexi\u00f3n que estableci\u00f3 con los asistentes fue palpable. Muchos llegaron de distintos rincones de la pen\u00ednsula, llevando consigo sus historias y experiencias. En un ambiente festivo, el Papa ofreci\u00f3 palabras de esperanza que refrescaron el esp\u00edritu de una naci\u00f3n que ha enfrentado retos tanto econ\u00f3micos como sociales.<\/p>\n<h4>El Legado de un L\u00edder Espiritual<\/h4>\n<p>El paso del Papa Le\u00f3n XIV por \u00c1frica y Espa\u00f1a se erige como un ejemplo de c\u00f3mo la fe puede ser un puente entre naciones y culturas. Las comunidades no solo recibieron su mensaje, sino que tambi\u00e9n compartieron sus propias vivencias, creando un di\u00e1logo enriquecedor que trasciende la religi\u00f3n.<\/p>\n<p>A medida que el viaje concluy\u00f3, las im\u00e1genes de la gente sonriendo, levantando pancartas y cantando en uni\u00f3n perduran en la memoria colectiva. La iconograf\u00eda de sus encuentros qued\u00f3 grabada no solo en la historia de la Iglesia, sino tambi\u00e9n en el coraz\u00f3n de aquellos que se sintieron inspirados por su presencia.<\/p>\n<h4>Reflexiones Finales<\/h4>\n<p>Los viajes apost\u00f3licos como el de Le\u00f3n XIV no son solo una serie de eventos programados; son una oportunidad para renovar esperanzas, aprender y crecer como comunidad. En un mundo que a menudo parece dividido, el mensaje de unidad y amor del Papa se convierte en un faro de luz que puede guiar a muchos hacia un futuro m\u00e1s armonioso.<\/p>\n<p>La esencia de este viaje invita a los viajeros a explorar no solo nuevas geograf\u00edas, sino tambi\u00e9n el vasto territorio de las ideas y las conexiones humanas. Las ense\u00f1anzas del Papa resonaron a trav\u00e9s de fronteras y continentes, record\u00e1ndonos que, aunque diferentes, todos compartimos un mismo camino.<\/p>\n<p><em> &#8221; Fuentes desdelafe.mx &#8221; <\/em><\/p>\n","protected":false},"excerpt":{"rendered":"<p>Un Viaje Apost\u00f3lico: La Influencia del Papa Le\u00f3n XIV en \u00c1frica y Espa\u00f1a En un mundo donde la b\u00fasqueda de significado y conectividad es constante, los viajes apost\u00f3licos ofrecen una ventana hacia la espiritualidad, la cultura y el entendimiento humano. Recientemente, el Papa Le\u00f3n XIV llev\u00f3 a cabo una gira por importantes pa\u00edses de \u00c1frica [&hellip;]<\/p>\n","protected":false},"author":4,"featured_media":1116571,"comment_status":"open","ping_status":"closed","sticky":false,"template":"","format":"standard","meta":{"om_disable_all_campaigns":false,"jnews-multi-image_gallery":[],"jnews_single_post":[],"jnews_primary_category":[],"jnews_social_meta":[],"footnotes":""},"categories":[39],"tags":[55723,2408,11862,8431,4379,2917,269213,198232,116479,1653,194476,63288,231068,4517,700,179932,2260,231069,467,27671,269212,3422,231796,220066],"class_list":["post-1116570","post","type-post","status-publish","format-standard","has-post-thumbnail","hentry","category-viajes","tag-55723","tag-africa","tag-angola","tag-anuncio","tag-argelia","tag-barcelona","tag-cameru00fan","tag-catolicismo","tag-espau00f1a","tag-europa","tag-eventos-religiosos","tag-guinea-ecuatorial","tag-iglesia-catu00f3lica","tag-islas-canarias","tag-madrid","tag-mu00f3naco","tag-papa","tag-papa-leu00f3n-xiv","tag-religion","tag-santa-sede","tag-u00c1frica","tag-vaticano","tag-viaje-apostu00f3lico","tag-viajes-apostolicos"],"_links":{"self":[{"href":"https:\/\/dimensionturistica.com\/es\/wp-json\/wp\/v2\/posts\/1116570","targetHints":{"allow":["GET"]}}],"collection":[{"href":"https:\/\/dimensionturistica.com\/es\/wp-json\/wp\/v2\/posts"}],"about":[{"href":"https:\/\/dimensionturistica.com\/es\/wp-json\/wp\/v2\/types\/post"}],"author":[{"embeddable":true,"href":"https:\/\/dimensionturistica.com\/es\/wp-json\/wp\/v2\/users\/4"}],"replies":[{"embeddable":true,"href":"https:\/\/dimensionturistica.com\/es\/wp-json\/wp\/v2\/comments?post=1116570"}],"version-history":[{"count":1,"href":"https:\/\/dimensionturistica.com\/es\/wp-json\/wp\/v2\/posts\/1116570\/revisions"}],"predecessor-version":[{"id":1116572,"href":"https:\/\/dimensionturistica.com\/es\/wp-json\/wp\/v2\/posts\/1116570\/revisions\/1116572"}],"wp:featuredmedia":[{"embeddable":true,"href":"https:\/\/dimensionturistica.com\/es\/wp-json\/wp\/v2\/media\/1116571"}],"wp:attachment":[{"href":"https:\/\/dimensionturistica.com\/es\/wp-json\/wp\/v2\/media?parent=1116570"}],"wp:term":[{"taxonomy":"category","embeddable":true,"href":"https:\/\/dimensionturistica.com\/es\/wp-json\/wp\/v2\/categories?post=1116570"},{"taxonomy":"post_tag","embeddable":true,"href":"https:\/\/dimensionturistica.com\/es\/wp-json\/wp\/v2\/tags?post=1116570"}],"curies":[{"name":"wp","href":"https:\/\/api.w.org\/{rel}","templated":true}]}}