{"id":1116504,"date":"2026-02-25T13:43:48","date_gmt":"2026-02-25T13:43:48","guid":{"rendered":"https:\/\/dimensionturistica.com\/es\/?p=1116504"},"modified":"2026-02-25T13:43:48","modified_gmt":"2026-02-25T13:43:48","slug":"anuncio-de-una-nueva-edicion-de-la-feria-de-turismo-date-2026","status":"publish","type":"post","link":"https:\/\/dimensionturistica.com\/es\/anuncio-de-una-nueva-edicion-de-la-feria-de-turismo-date-2026\/","title":{"rendered":"Anuncio de una nueva edici\u00f3n de la feria de turismo DATE 2026"},"content":{"rendered":"<h3>Un Portal al Futuro del Turismo: La Feria de Comercializaci\u00f3n Tur\u00edstica DATE 2026<\/h3>\n<p>El panorama tur\u00edstico en la regi\u00f3n se alista para recibir una de las ferias m\u00e1s esperadas en el sector: la Feria de Comercializaci\u00f3n Tur\u00edstica DATE 2026. Organizada por la Asociaci\u00f3n de Hoteles y Restaurantes (Asonahores), este evento promete ser un catalizador para la reactivaci\u00f3n y crecimiento de la industria, ofreciendo una plataforma \u00fanica para conectar a proveedores, compradores y profesionales del turismo.<\/p>\n<h4>Un Enfoque en la Innovaci\u00f3n<\/h4>\n<p>La pr\u00f3xima edici\u00f3n de DATE se centrar\u00e1 en la innovaci\u00f3n y en c\u00f3mo integrar sostenibilidad y tecnolog\u00eda en la oferta tur\u00edstica. En un mundo donde la adaptabilidad se ha convertido en la norma, los actores del sector tendr\u00e1n la oportunidad de explorar nuevas estrategias y herramientas que pueden transformar la experiencia del viajero. Desde soluciones digitales hasta pr\u00e1cticas amigables con el medio ambiente, cada rinc\u00f3n de la feria estar\u00e1 impregnado de ideas frescas y propuestas audaces.<\/p>\n<h4>Oportunidades para Negocios<\/h4>\n<p>Este evento no solo es un espacio para aprender, sino tambi\u00e9n para hacer negocios. Con la presencia de profesionales de todo el pa\u00eds y el extranjero, los asistentes podr\u00e1n establecer conexiones valiosas que pueden resultar en colaboraciones fruct\u00edferas. Las reuniones de networking, presentaciones y paneles de discusi\u00f3n ser\u00e1n el escenario ideal para que operadores tur\u00edsticos, agencias de viaje y proveedores de servicios encuentren nuevas formas de colaborar y crecer juntos.<\/p>\n<h4>Destinos a la Vista<\/h4>\n<p>Cada edici\u00f3n de DATE se convierte en un escaparate de los destinos tur\u00edsticos m\u00e1s destacados. Este a\u00f1o, se espera que numerosas regiones exhiban su oferta, desde playas paradis\u00edacas hasta monta\u00f1as espl\u00e9ndidas. La diversidad de opciones permitir\u00e1 a los asistentes no solo conocer m\u00e1s sobre lo que el pa\u00eds tiene para ofrecer, sino tambi\u00e9n planificar futuros viajes a lugares que, quiz\u00e1s, nunca hab\u00edan considerado. <\/p>\n<h4>Un Espacio para la Capacitaci\u00f3n<\/h4>\n<p>Adem\u00e1s de las oportunidades comerciales, la feria tambi\u00e9n se posiciona como un espacio de capacitaci\u00f3n. A trav\u00e9s de talleres y conferencias, expertos en la industria compartir\u00e1n sus conocimientos sobre tendencias actuales y futuras, as\u00ed como estrategias efectivas para el marketing y posicionamiento de destinos. Este aspecto educativo es fundamental para empoderar a los profesionales del turismo de cara a un mercado en constante evoluci\u00f3n.<\/p>\n<h4>Un Evento para Todos<\/h4>\n<p>Uno de los aspectos m\u00e1s destacables de DATE es su accesibilidad. La feria est\u00e1 dise\u00f1ada para integrar no solo a grandes empresas, sino tambi\u00e9n a aquellos peque\u00f1os emprendedores que buscan abrirse camino en la industria. Este enfoque inclusivo asegura que la riqueza del sector tur\u00edstico se refleje en la variedad de ofertas y experiencias presentadas en el evento.<\/p>\n<h4>Conclusi\u00f3n<\/h4>\n<p>La Feria de Comercializaci\u00f3n Tur\u00edstica DATE 2026 se perfila como un evento imperdible en el calendario tur\u00edstico. Con su mezcla de innovaci\u00f3n, oportunidades de negocio, capacitaci\u00f3n y la representaci\u00f3n de diversos destinos, promete ser un aut\u00e9ntico punto de encuentro para todos aquellos apasionados por el turismo. As\u00ed que, si eres parte de esta vibrante industria o simplemente un amante de los viajes, \u00a1marca tu calendario y prep\u00e1rate para ser parte de la transformaci\u00f3n del turismo!<\/p>\n<p><em> &#8221; Sources elpregonerord.com &#8221; <\/em><\/p>\n","protected":false},"excerpt":{"rendered":"<p>Un Portal al Futuro del Turismo: La Feria de Comercializaci\u00f3n Tur\u00edstica DATE 2026 El panorama tur\u00edstico en la regi\u00f3n se alista para recibir una de las ferias m\u00e1s esperadas en el sector: la Feria de Comercializaci\u00f3n Tur\u00edstica DATE 2026. Organizada por la Asociaci\u00f3n de Hoteles y Restaurantes (Asonahores), este evento promete ser un catalizador para [&hellip;]<\/p>\n","protected":false},"author":4,"featured_media":1116505,"comment_status":"open","ping_status":"closed","sticky":false,"template":"","format":"standard","meta":{"om_disable_all_campaigns":false,"jnews-multi-image_gallery":[],"jnews_single_post":[],"jnews_primary_category":[],"jnews_social_meta":[],"footnotes":""},"categories":[40],"tags":[8140,23498,10133,268440,724,269179,1061,1875,269180,1935,52887,1794,1341,93896,1430,544,596],"class_list":["post-1116504","post","type-post","status-publish","format-standard","has-post-thumbnail","hentry","category-industria","tag-abril","tag-asonahores","tag-comercializacion","tag-date-2026","tag-eventos","tag-expectativas-record","tag-feria","tag-inversion","tag-la-mayor","tag-negocios","tag-nueva-edicion","tag-pais","tag-plataforma","tag-regresara","tag-republica-dominicana","tag-turismo","tag-turistica"],"_links":{"self":[{"href":"https:\/\/dimensionturistica.com\/es\/wp-json\/wp\/v2\/posts\/1116504","targetHints":{"allow":["GET"]}}],"collection":[{"href":"https:\/\/dimensionturistica.com\/es\/wp-json\/wp\/v2\/posts"}],"about":[{"href":"https:\/\/dimensionturistica.com\/es\/wp-json\/wp\/v2\/types\/post"}],"author":[{"embeddable":true,"href":"https:\/\/dimensionturistica.com\/es\/wp-json\/wp\/v2\/users\/4"}],"replies":[{"embeddable":true,"href":"https:\/\/dimensionturistica.com\/es\/wp-json\/wp\/v2\/comments?post=1116504"}],"version-history":[{"count":1,"href":"https:\/\/dimensionturistica.com\/es\/wp-json\/wp\/v2\/posts\/1116504\/revisions"}],"predecessor-version":[{"id":1116506,"href":"https:\/\/dimensionturistica.com\/es\/wp-json\/wp\/v2\/posts\/1116504\/revisions\/1116506"}],"wp:featuredmedia":[{"embeddable":true,"href":"https:\/\/dimensionturistica.com\/es\/wp-json\/wp\/v2\/media\/1116505"}],"wp:attachment":[{"href":"https:\/\/dimensionturistica.com\/es\/wp-json\/wp\/v2\/media?parent=1116504"}],"wp:term":[{"taxonomy":"category","embeddable":true,"href":"https:\/\/dimensionturistica.com\/es\/wp-json\/wp\/v2\/categories?post=1116504"},{"taxonomy":"post_tag","embeddable":true,"href":"https:\/\/dimensionturistica.com\/es\/wp-json\/wp\/v2\/tags?post=1116504"}],"curies":[{"name":"wp","href":"https:\/\/api.w.org\/{rel}","templated":true}]}}