{"id":1116366,"date":"2026-02-25T06:28:30","date_gmt":"2026-02-25T06:28:30","guid":{"rendered":"https:\/\/dimensionturistica.com\/es\/?p=1116366"},"modified":"2026-02-25T06:28:30","modified_gmt":"2026-02-25T06:28:30","slug":"la-feria-medieval-mas-extensa-de-espana-un-recorrido-al-siglo-xiii-a-pocos-minutos-de-murcia","status":"publish","type":"post","link":"https:\/\/dimensionturistica.com\/es\/la-feria-medieval-mas-extensa-de-espana-un-recorrido-al-siglo-xiii-a-pocos-minutos-de-murcia\/","title":{"rendered":"La feria medieval m\u00e1s extensa de Espa\u00f1a: un recorrido al siglo XIII a pocos minutos de Murcia."},"content":{"rendered":"<h3>Un Viaje en el Tiempo: Descubre el Mercado Medieval de Espa\u00f1a<\/h3>\n<p>En el coraz\u00f3n de las tierras murcianas, se esconde un evento que promete transportar a sus visitantes a la \u00e9poca medieval: el Mercado Medieval m\u00e1s grande de Espa\u00f1a. Cada a\u00f1o, la localidad de Murcia se convierte en escenario de un irresistible viaje al siglo XIII, un fest\u00edn para los sentidos que enamora tanto a locales como a turistas que buscan una experiencia \u00fanica.<\/p>\n<h4>Una Experiencia Sensorial<\/h4>\n<p>Desde el momento en que cruzas las puertas del mercado, un aire de nostalgia inunda la atm\u00f3sfera. Los olores de especias, pan reci\u00e9n horneado y embutidos caseros te envuelven, mientras que los sonidos de m\u00fasicas tradicionales y risas infantiles resuenan en cada rinc\u00f3n. Decenas de artesanos exhiben sus creaciones, desde joyer\u00eda hasta cer\u00e1mica, reviviendo t\u00e9cnicas ancestrales que nos recuerdan la maestr\u00eda de \u00e9pocas pasadas. <\/p>\n<p>Cada puesto, con su propia historia, es un recordatorio de un tiempo donde la comunidad se un\u00eda, y la tradici\u00f3n era el alma de cada transacci\u00f3n. Aqu\u00ed, no solo se compra; se comparte, se aprende y se celebra.<\/p>\n<h4>Actividades para Todos<\/h4>\n<p>El mercado no es solo un lugar para adquirir productos; es un hervidero de actividades. Los ni\u00f1os pueden disfrutar de espect\u00e1culos de malabares y magia, mientras que los adultos se ver\u00e1n entretenidos por los duelos de espadas y las representaciones de danzas medievales. Talleres de oficios antiguos permiten a los visitantes probar sus manos en la artesan\u00eda, creando recuerdos imborrables que los acompa\u00f1ar\u00e1n mucho despu\u00e9s de que termine el evento.<\/p>\n<p>Las recreaciones hist\u00f3ricas son otra de las joyas de este mercado. Personajes ataviados con vestimentas de la \u00e9poca deambulan por las calles, ofreciendo una visi\u00f3n fascinante de la vida cotidiana en la Edad Media. Cada rinc\u00f3n del mercado se convierte en un escenario vibrante que invita a los visitantes a sumergirse en un relato vivo sobre su cultura y tradiciones.<\/p>\n<h4>Un Fest\u00edn Gastron\u00f3mico<\/h4>\n<p>\u00bfQu\u00e9 ser\u00eda de un viaje medieval sin una experiencia culinaria acorde? La gastronom\u00eda juega un papel protagonista, y el mercado no decepciona. Las delicias que var\u00edan desde tapas tradicionales hasta dulces t\u00edpicos de la regi\u00f3n son los aliados perfectos para acompa\u00f1ar este viaje en el tiempo. Prueba la famosa empanada murciana o un buen plato de migas, todo elaborado con ingredientes locales que reflejan la riqueza del terroir. <\/p>\n<p>Y para los m\u00e1s aventureros, no olvides degustar el vino de la regi\u00f3n, que complementa a la perfecci\u00f3n cada bocado, haciendo que la experiencia sea a\u00fan m\u00e1s memorable.<\/p>\n<h4>Un Encuentro con la Historia<\/h4>\n<p>Visitar este mercado no solo es una actividad l\u00fadica, sino tambi\u00e9n una lecci\u00f3n de historia. Los organizadores han puesto un gran \u00e9nfasis en la ambientaci\u00f3n, lo que permite a los visitantes entender c\u00f3mo viv\u00edan, trabajaban y celebraban durante la \u00e9poca medieval. Esto lo convierte en un destino perfecto para familias, grupos escolares y cualquier persona interesada en la historia.<\/p>\n<h3>Conclusi\u00f3n<\/h3>\n<p>El Mercado Medieval de Murcia no es solo una cita anual en el calendario de eventos; es una celebraci\u00f3n del patrimonio cultural que invita a todos a experimentar la magia de tiempos pasados. Si planeas una escapada, aseg\u00farate de incluir una visita a este singular evento. La oportunidad de viajar al siglo XIII, aunque sea por unas horas, es demasiado tentadora para dejarla pasar. Prep\u00e1rate para dejarte llevar por la historia y disfrutar de un d\u00eda lleno de emociones y descubrimientos.<\/p>\n<p><em> &#8221; Fuentes www.infobae.com &#8221; <\/em><\/p>\n","protected":false},"excerpt":{"rendered":"<p>Un Viaje en el Tiempo: Descubre el Mercado Medieval de Espa\u00f1a En el coraz\u00f3n de las tierras murcianas, se esconde un evento que promete transportar a sus visitantes a la \u00e9poca medieval: el Mercado Medieval m\u00e1s grande de Espa\u00f1a. Cada a\u00f1o, la localidad de Murcia se convierte en escenario de un irresistible viaje al siglo [&hellip;]<\/p>\n","protected":false},"author":4,"featured_media":1116367,"comment_status":"open","ping_status":"closed","sticky":false,"template":"","format":"standard","meta":{"om_disable_all_campaigns":false,"jnews-multi-image_gallery":[],"jnews_single_post":[],"jnews_primary_category":[],"jnews_social_meta":[],"footnotes":""},"categories":[39],"tags":[6178,81186,71908,126119,3491,12554,95728,662,202674,770,8621,41569,724,192252,6643,39789,269146,952,139889,269142,176375,120453,184427,6849,269143,269144,269145,69195,234650,11272,8531,62295,6765,100691,3250,685,544,91917,25747,545,113861,77630],"class_list":["post-1116366","post","type-post","status-publish","format-standard","has-post-thumbnail","hentry","category-viajes","tag-alicante","tag-architecture","tag-bridge","tag-building","tag-canal","tag-city","tag-cityscape","tag-cultura","tag-dusk","tag-espana","tag-europe","tag-european","tag-eventos","tag-facade","tag-historia","tag-house","tag-mercado-medieval","tag-murcia","tag-neighborhood","tag-night-view","tag-old","tag-orihuela","tag-picturesque","tag-river","tag-river-bank","tag-river-banks","tag-river-segura","tag-sightseeing","tag-siglo-xiii","tag-sky","tag-spain","tag-spanish","tag-tourism","tag-town","tag-tradiciones","tag-travel","tag-turismo","tag-urban","tag-vacation","tag-viajes","tag-view","tag-water"],"_links":{"self":[{"href":"https:\/\/dimensionturistica.com\/es\/wp-json\/wp\/v2\/posts\/1116366","targetHints":{"allow":["GET"]}}],"collection":[{"href":"https:\/\/dimensionturistica.com\/es\/wp-json\/wp\/v2\/posts"}],"about":[{"href":"https:\/\/dimensionturistica.com\/es\/wp-json\/wp\/v2\/types\/post"}],"author":[{"embeddable":true,"href":"https:\/\/dimensionturistica.com\/es\/wp-json\/wp\/v2\/users\/4"}],"replies":[{"embeddable":true,"href":"https:\/\/dimensionturistica.com\/es\/wp-json\/wp\/v2\/comments?post=1116366"}],"version-history":[{"count":1,"href":"https:\/\/dimensionturistica.com\/es\/wp-json\/wp\/v2\/posts\/1116366\/revisions"}],"predecessor-version":[{"id":1116368,"href":"https:\/\/dimensionturistica.com\/es\/wp-json\/wp\/v2\/posts\/1116366\/revisions\/1116368"}],"wp:featuredmedia":[{"embeddable":true,"href":"https:\/\/dimensionturistica.com\/es\/wp-json\/wp\/v2\/media\/1116367"}],"wp:attachment":[{"href":"https:\/\/dimensionturistica.com\/es\/wp-json\/wp\/v2\/media?parent=1116366"}],"wp:term":[{"taxonomy":"category","embeddable":true,"href":"https:\/\/dimensionturistica.com\/es\/wp-json\/wp\/v2\/categories?post=1116366"},{"taxonomy":"post_tag","embeddable":true,"href":"https:\/\/dimensionturistica.com\/es\/wp-json\/wp\/v2\/tags?post=1116366"}],"curies":[{"name":"wp","href":"https:\/\/api.w.org\/{rel}","templated":true}]}}