{"id":1116096,"date":"2026-02-24T16:37:42","date_gmt":"2026-02-24T16:37:42","guid":{"rendered":"https:\/\/dimensionturistica.com\/es\/?p=1116096"},"modified":"2026-02-24T16:37:42","modified_gmt":"2026-02-24T16:37:42","slug":"del-caribe-a-los-andes-alianza-historica-entre-machu-picchu-y-punta-cana-se-formaliza-en-colombia","status":"publish","type":"post","link":"https:\/\/dimensionturistica.com\/es\/del-caribe-a-los-andes-alianza-historica-entre-machu-picchu-y-punta-cana-se-formaliza-en-colombia\/","title":{"rendered":"Del Caribe a los Andes: Alianza hist\u00f3rica entre Machu Picchu y Punta Cana se formaliza en Colombia."},"content":{"rendered":"<h3>La Nueva Ruta del Turismo: De la Magia de Machu Picchu a las Playas de Punta Cana<\/h3>\n<p>En un mundo donde la conectividad se ha vuelto vital, una emocionante alianza tur\u00edstica ha surgido, uniendo dos de los destinos m\u00e1s emblem\u00e1ticos de Am\u00e9rica Latina: Machu Picchu en Per\u00fa y Punta Cana en Rep\u00fablica Dominicana. Este pacto, que promete transformar la experiencia de viaje en la regi\u00f3n, destaca la rica diversidad cultural y natural que ofrece Latinoam\u00e9rica.<\/p>\n<h4>Un Encuentro de Culturas<\/h4>\n<p>Imagina comenzar tu viaje en la majestuosidad de Machu Picchu, un \u00edcono del Per\u00fa y una de las Nuevas Siete Maravillas del Mundo. Esta antigua ciudad inca no solo es un testimonio de la ingenier\u00eda y el arte precolombino, sino tambi\u00e9n un lugar que evoca espiritualidad y asombro con cada paso que das. Los viajantes son envueltos en la historia mientras exploran ruinas que han perdurado durante siglos, rodeadas por un paisaje que parece sacado de un sue\u00f1o.<\/p>\n<p>Despu\u00e9s de sumergirte en la riqueza cultural de los Andes, el siguiente cap\u00edtulo de tu aventura te lleva a las paradis\u00edacas playas de Punta Cana. Este destino es conocido por sus aguas cristalinas, impresionantes resorts todo incluido y un ambiente vibrante que invita al relax y la diversi\u00f3n. Aqu\u00ed, podr\u00e1s dejar atr\u00e1s el estr\u00e9s mientras disfrutas del sol caribe\u00f1o y las m\u00faltiples actividades acu\u00e1ticas que el mar ofrece.<\/p>\n<h4>El Beneficio de la Alianza<\/h4>\n<p>La fusi\u00f3n de estos dos destinos permite que los viajeros experimenten un contraste asombroso entre la cultura rica y diversa de los Andes y la calma del Caribe. Los operadores tur\u00edsticos ya est\u00e1n trabajando en itinerarios que interconectan ambos lugares, facilitando el acceso a una experiencia que antes era complicada de realizar. Esta alianza no solo beneficia a los turistas, sino tambi\u00e9n a las econom\u00edas locales, que se ven impulsadas por el flujo de visitantes.<\/p>\n<h4>Integraci\u00f3n de Propuestas Tur\u00edsticas<\/h4>\n<p>Adem\u00e1s, este nuevo enfoque tur\u00edstico podr\u00eda significar un aumento en la promoci\u00f3n y el desarrollo de nuevas rutas a\u00e9reas que vinculen directamente a Per\u00fa y Rep\u00fablica Dominicana. La idea es que los viajeros puedan pasar de la monta\u00f1a a la playa en un abrir y cerrar de ojos, experimentando lo mejor de ambos mundos en un solo viaje. La creaci\u00f3n de paquetes exclusivos, que incluyan visitas a otros puntos de inter\u00e9s en Colombia, promete enriquecer a\u00fan m\u00e1s esta propuesta.<\/p>\n<h4>Sostenibilidad y Responsabilidad<\/h4>\n<p>En la b\u00fasqueda de mantener la magia de Machu Picchu y las costas de Punta Cana, la sostenibilidad se ha convertido en un eje central de esta colaboraci\u00f3n. Ambos pa\u00edses est\u00e1n comprometidos a preservar su patrimonio natural y cultural, garantizando que la afluencia tur\u00edstica no comprometa su belleza. Esto abre la puerta a un turismo responsable, donde cada visita deja una huella positiva en las comunidades locales y en el medio ambiente.<\/p>\n<h4>Un Futuro Prometedor<\/h4>\n<p>La alianza entre Machu Picchu y Punta Cana es m\u00e1s que un simple v\u00ednculo tur\u00edstico; representa un puente entre culturas y experiencias que resonar\u00e1 con los viajeros de todo el mundo. A medida que el turismo comienza a recuperarse tras los desaf\u00edos de los \u00faltimos a\u00f1os, esta uni\u00f3n ofrece una perspectiva fresca y emocionante para aquellos que buscan nuevas formas de explorar y conectarse.<\/p>\n<p>As\u00ed que, si buscas un destino que combine historia ancestral y playas de ensue\u00f1o, estar\u00e1s en el camino correcto con esta novedosa propuesta. \u00bfTe animas a ser parte de esta aventura que une lo mejor de dos mundos? La magia de los Andes te espera, seguida de la calidez del Caribe, prometiendo un viaje inolvidable.<\/p>\n<p><em> &#8221; Sources www.infobae.com &#8221; <\/em><\/p>\n","protected":false},"excerpt":{"rendered":"<p>La Nueva Ruta del Turismo: De la Magia de Machu Picchu a las Playas de Punta Cana En un mundo donde la conectividad se ha vuelto vital, una emocionante alianza tur\u00edstica ha surgido, uniendo dos de los destinos m\u00e1s emblem\u00e1ticos de Am\u00e9rica Latina: Machu Picchu en Per\u00fa y Punta Cana en Rep\u00fablica Dominicana. Este pacto, [&hellip;]<\/p>\n","protected":false},"author":4,"featured_media":1116097,"comment_status":"open","ping_status":"closed","sticky":false,"template":"","format":"standard","meta":{"om_disable_all_campaigns":false,"jnews-multi-image_gallery":[],"jnews_single_post":[],"jnews_primary_category":[],"jnews_social_meta":[],"footnotes":""},"categories":[40],"tags":[228944,40493,1736,771,662,1318,6643,6825,5398,544,545],"class_list":["post-1116096","post","type-post","status-publish","format-standard","has-post-thumbnail","hentry","category-industria","tag-alianza-historica","tag-andes","tag-caribe","tag-colombia","tag-cultura","tag-destinos-turisticos","tag-historia","tag-machu-picchu","tag-punta-cana","tag-turismo","tag-viajes"],"_links":{"self":[{"href":"https:\/\/dimensionturistica.com\/es\/wp-json\/wp\/v2\/posts\/1116096","targetHints":{"allow":["GET"]}}],"collection":[{"href":"https:\/\/dimensionturistica.com\/es\/wp-json\/wp\/v2\/posts"}],"about":[{"href":"https:\/\/dimensionturistica.com\/es\/wp-json\/wp\/v2\/types\/post"}],"author":[{"embeddable":true,"href":"https:\/\/dimensionturistica.com\/es\/wp-json\/wp\/v2\/users\/4"}],"replies":[{"embeddable":true,"href":"https:\/\/dimensionturistica.com\/es\/wp-json\/wp\/v2\/comments?post=1116096"}],"version-history":[{"count":1,"href":"https:\/\/dimensionturistica.com\/es\/wp-json\/wp\/v2\/posts\/1116096\/revisions"}],"predecessor-version":[{"id":1116098,"href":"https:\/\/dimensionturistica.com\/es\/wp-json\/wp\/v2\/posts\/1116096\/revisions\/1116098"}],"wp:featuredmedia":[{"embeddable":true,"href":"https:\/\/dimensionturistica.com\/es\/wp-json\/wp\/v2\/media\/1116097"}],"wp:attachment":[{"href":"https:\/\/dimensionturistica.com\/es\/wp-json\/wp\/v2\/media?parent=1116096"}],"wp:term":[{"taxonomy":"category","embeddable":true,"href":"https:\/\/dimensionturistica.com\/es\/wp-json\/wp\/v2\/categories?post=1116096"},{"taxonomy":"post_tag","embeddable":true,"href":"https:\/\/dimensionturistica.com\/es\/wp-json\/wp\/v2\/tags?post=1116096"}],"curies":[{"name":"wp","href":"https:\/\/api.w.org\/{rel}","templated":true}]}}