{"id":111565,"date":"2021-04-12T03:51:17","date_gmt":"2021-04-12T03:51:17","guid":{"rendered":"https:\/\/dimensionturistica.com\/es\/?p=111565"},"modified":"2021-04-12T03:51:17","modified_gmt":"2021-04-12T03:51:17","slug":"agentes-de-viajes-y-periodistas-conocen-atractivos-turisticos-del-pais-y-medidas-de-seguridad","status":"publish","type":"post","link":"https:\/\/dimensionturistica.com\/es\/agentes-de-viajes-y-periodistas-conocen-atractivos-turisticos-del-pais-y-medidas-de-seguridad\/","title":{"rendered":"Agentes de viajes y periodistas conocen atractivos tur\u00edsticos del pa\u00eds y medidas de seguridad"},"content":{"rendered":"<p> <br \/>\n<\/p>\n<div>\n<div class=\"paragraph\" mlnid=\"idcon=16152421;order=7.0\">\n<p>El turoperador \u00c1voris Corporaci\u00f3n Empresarial, en colaboraci\u00f3n con el Ministerio de Turismo, a trav\u00e9s de la Oficina de Promoci\u00f3n Tur\u00edstica (OPT) en Espa\u00f1a, realiza su primer viaje en familia (fam journey) en el Caribe, luego de la suspensi\u00f3n de actividades por el COVID-19 en marzo 2020.<\/p>\n<p>El viaje de familiarizaci\u00f3n lo integran 52 profesionales, entre agentes de viajes, periodistas de la prensa especializada de turismo espa\u00f1ola, workers de los turoperadores de \u00c1voris y representante de la OPT en Espa\u00f1a, para conocer de primera mano los principales atractivos y medidas de seguridad de Rep\u00fablica Dominicana.<\/p>\n<p>El evento tiene como principal objetivo promocionar el pa\u00eds como destino tur\u00edstico y seguro entre los viajeros espa\u00f1oles.<\/p>\n<p>El grupo lleg\u00f3 al pa\u00eds en la noche de este s\u00e1bado por el Aeropuerto Internacional de Punta Cana a bordo de la aeronave de Iberojet. Los mismos desarrollar\u00e1n una agenda de trabajo del 11 al 18 abril 2021, en varias localidades de Rep\u00fablica Dominicana.<\/p>\n<p>Durante su estad\u00eda los profesionales y periodistas especializados conocer\u00e1n los principales atractivos tur\u00edsticos con que cuenta Rep\u00fablica Dominicana y las medidas adoptadas por los sectores p\u00fablico y privado que garantizan la salud, seguridad y el bienestar de los turistas en el momento precise que vive el mundo.<\/p>\n<p>Los asistentes a este Fam Journey obtendr\u00e1n una amplia visi\u00f3n de la oferta y experiencias del destino Punta Cana, La Romana, Isla Saona y Santo Domingo, como son la gastronom\u00eda, cultura, compras, ocio y deporte, y sus instalaciones hoteleras.<\/p>\n<\/p><\/div><\/div>\n\n<p><em> &#8221; Fuentes www.diariolibre.com &#8221; <\/em><\/p>\n","protected":false},"excerpt":{"rendered":"<p>El turoperador \u00c1voris Corporaci\u00f3n Empresarial, en colaboraci\u00f3n con el Ministerio de Turismo, a trav\u00e9s de la Oficina de Promoci\u00f3n Tur\u00edstica (OPT) en Espa\u00f1a, realiza su primer viaje en familia (fam journey) en el Caribe, luego de la suspensi\u00f3n de actividades por el COVID-19 en marzo 2020. El viaje de familiarizaci\u00f3n lo integran 52 profesionales, entre [&hellip;]<\/p>\n","protected":false},"author":4,"featured_media":111566,"comment_status":"open","ping_status":"closed","sticky":false,"template":"","format":"standard","meta":{"om_disable_all_campaigns":false,"jnews-multi-image_gallery":[],"jnews_single_post":[],"jnews_primary_category":[],"jnews_social_meta":[],"footnotes":""},"categories":[40],"tags":[1429],"class_list":["post-111565","post","type-post","status-publish","format-standard","has-post-thumbnail","hentry","category-industria","tag-santo-domingo"],"_links":{"self":[{"href":"https:\/\/dimensionturistica.com\/es\/wp-json\/wp\/v2\/posts\/111565","targetHints":{"allow":["GET"]}}],"collection":[{"href":"https:\/\/dimensionturistica.com\/es\/wp-json\/wp\/v2\/posts"}],"about":[{"href":"https:\/\/dimensionturistica.com\/es\/wp-json\/wp\/v2\/types\/post"}],"author":[{"embeddable":true,"href":"https:\/\/dimensionturistica.com\/es\/wp-json\/wp\/v2\/users\/4"}],"replies":[{"embeddable":true,"href":"https:\/\/dimensionturistica.com\/es\/wp-json\/wp\/v2\/comments?post=111565"}],"version-history":[{"count":0,"href":"https:\/\/dimensionturistica.com\/es\/wp-json\/wp\/v2\/posts\/111565\/revisions"}],"wp:featuredmedia":[{"embeddable":true,"href":"https:\/\/dimensionturistica.com\/es\/wp-json\/wp\/v2\/media\/111566"}],"wp:attachment":[{"href":"https:\/\/dimensionturistica.com\/es\/wp-json\/wp\/v2\/media?parent=111565"}],"wp:term":[{"taxonomy":"category","embeddable":true,"href":"https:\/\/dimensionturistica.com\/es\/wp-json\/wp\/v2\/categories?post=111565"},{"taxonomy":"post_tag","embeddable":true,"href":"https:\/\/dimensionturistica.com\/es\/wp-json\/wp\/v2\/tags?post=111565"}],"curies":[{"name":"wp","href":"https:\/\/api.w.org\/{rel}","templated":true}]}}