{"id":1115355,"date":"2026-02-22T23:23:56","date_gmt":"2026-02-22T23:23:56","guid":{"rendered":"https:\/\/dimensionturistica.com\/es\/?p=1115355"},"modified":"2026-02-22T23:23:56","modified_gmt":"2026-02-22T23:23:56","slug":"las-estrellas-mejor-vestidas-de-la-semana-deslumbraron-en-el-evento","status":"publish","type":"post","link":"https:\/\/dimensionturistica.com\/es\/las-estrellas-mejor-vestidas-de-la-semana-deslumbraron-en-el-evento\/","title":{"rendered":"Las Estrellas Mejor Vestidas de la Semana Deslumbraron en el Evento"},"content":{"rendered":"<h3>Estrellas en la Alfombra Roja: Elegancia y Estilo en su M\u00e1xima Expresi\u00f3n<\/h3>\n<p>La temporada de galas y estrenos ha dejado una huella imborrable en el mundo de la moda, con una serie de atuendos deslumbrantes que han capturado la atenci\u00f3n de los amantes del estilo. La \u00faltima entrega de alfombras rojas ha puesto de manifiesto que el talento en la actuaci\u00f3n se complementa con una capacidad innata para deslumbrar con elegancia. A continuaci\u00f3n, exploramos a las estrellas que marcaron el rumbo de la moda en sus recientes apariciones.<\/p>\n<p><strong>Priyanka Chopra: Glamour y Sofisticaci\u00f3n<\/strong><\/p>\n<p>Priyanka Chopra se ha consolidado como un \u00edcono del estilo contempor\u00e1neo. En su \u00faltima aparici\u00f3n, opt\u00f3 por un vestido que destilaba sofisticaci\u00f3n y feminidad, con un dise\u00f1o que realzaba su figura de manera magistral. Los detalles delicados y la elecci\u00f3n de tonos neutros a la vez que audaces, le otorgaron un aire de modernidad y gracia.<\/p>\n<p><strong>Rose Byrne: Cl\u00e1sica y Vanguardista<\/strong><\/p>\n<p>Rose Byrne ha demostrado que combinar lo cl\u00e1sico con lo contempor\u00e1neo es posible. Su elecci\u00f3n de atuendo reflej\u00f3 una realizaci\u00f3n art\u00edstica, donde los cortes geom\u00e9tricos y los tejidos fluidos se entrelazaron en una obra maestra. Al incorporar elementos tradicionales con un giro moderno, se posicion\u00f3 como una de las mejor vestidas de la noche.<\/p>\n<p><strong>Kate Hudson: Brillo y Diversi\u00f3n<\/strong><\/p>\n<p>Kate Hudson, conocida por su esp\u00edritu libre, no decepcion\u00f3 en su reciente aparici\u00f3n. Su vestido, adornado con aplicaciones brillantes, evoc\u00f3 una sensaci\u00f3n de alegr\u00eda y festividad. Esta elecci\u00f3n, que combina elegancia y un toque de diversi\u00f3n, resuena con su personalidad vibrante y ha establecido un nuevo est\u00e1ndar de c\u00f3mo llevar la diversi\u00f3n a la alfombra roja.<\/p>\n<p><strong>Florence Pugh: Atrevimiento y Originalidad<\/strong><\/p>\n<p>Florence Pugh se ha destacado por su capacidad para romper esquemas. Su atuendo, que aboga por la audacia, mezcla texturas y colores que desaf\u00edan las normas tradicionales de la moda. Este enfoque \u00fanico no solo la destaca, sino que tambi\u00e9n abre un di\u00e1logo sobre la autoexpresi\u00f3n y la individualidad en la moda.<\/p>\n<p><strong>Maya Rudolph: Un Canto a la Diversidad<\/strong><\/p>\n<p>Maya Rudolph ha presentado un estilo que celebra la diversidad. Sus elecciones de vestuario son una extensi\u00f3n de su personalidad multifac\u00e9tica, combinando diferentes culturas y estilos que crean un atractivo visual \u00fanico. Esta fusi\u00f3n refleja no solo un sentido est\u00e9tico, sino tambi\u00e9n un reconocimiento a la belleza de la variedad en el mundo actual.<\/p>\n<h3>La Influencia de la Moda en la Cultura Pop<\/h3>\n<p>Estos \u00edconos de la moda no solo est\u00e1n redefiniendo la forma en que se percibe la vestimenta en eventos formales, sino que tambi\u00e9n est\u00e1n influenciando a la pr\u00f3xima generaci\u00f3n de dise\u00f1adores y aficionados de la moda. La capacidad de estas estrellas para fusionar la alta costura con elementos de su \u00e9tica personal y su cultura es un mensaje de empoderamiento.<\/p>\n<p>Cada elecci\u00f3n de vestuario no es solo una declaraci\u00f3n de moda, sino un reflejo de la individualidad y el contexto cultural. En un momento donde la moda se vuelve cada vez m\u00e1s inclusiva, estas figuras prominentes est\u00e1n estableciendo un est\u00e1ndar para que la diversidad sea celebrada en todas sus formas.<\/p>\n<h3>Reflexiones Finales<\/h3>\n<p>Mientras el mundo de la alta costura sigue evolucionando, estas estrellas nos recuerdan que la moda es m\u00e1s que telas y tendencias; es una forma de arte que destaca la personalidad y el car\u00e1cter. Con cada aparici\u00f3n, no solo nos inspiran en t\u00e9rminos de estilo, sino que tambi\u00e9n nos invitan a explorar y abrazar nuestra propia narrativa a trav\u00e9s de la vestimenta. La elegancia est\u00e1 en los detalles, y estas celebridades lo han entendido a la perfecci\u00f3n, convirtiendo cada clic de la c\u00e1mara en un desfile de modas.<\/p>\n<p><em> &#8221; Fuentes www.vogue.com &#8221; <\/em><\/p>\n","protected":false},"excerpt":{"rendered":"<p>Estrellas en la Alfombra Roja: Elegancia y Estilo en su M\u00e1xima Expresi\u00f3n La temporada de galas y estrenos ha dejado una huella imborrable en el mundo de la moda, con una serie de atuendos deslumbrantes que han capturado la atenci\u00f3n de los amantes del estilo. La \u00faltima entrega de alfombras rojas ha puesto de manifiesto [&hellip;]<\/p>\n","protected":false},"author":14,"featured_media":1115356,"comment_status":"open","ping_status":"closed","sticky":false,"template":"","format":"standard","meta":{"om_disable_all_campaigns":false,"jnews-multi-image_gallery":[],"jnews_single_post":[],"jnews_primary_category":[],"jnews_social_meta":[],"footnotes":""},"categories":[144872],"tags":[198562,237,166,76796,165,117137,52943,372,6194,198563],"class_list":["post-1115355","post","type-post","status-publish","format-standard","has-post-thumbnail","hentry","category-fashion","tag-best-dressed","tag-celebrity","tag-fashion","tag-glamour","tag-red-carpet","tag-spotlight","tag-stars","tag-style","tag-trends","tag-weekly-roundup"],"_links":{"self":[{"href":"https:\/\/dimensionturistica.com\/es\/wp-json\/wp\/v2\/posts\/1115355","targetHints":{"allow":["GET"]}}],"collection":[{"href":"https:\/\/dimensionturistica.com\/es\/wp-json\/wp\/v2\/posts"}],"about":[{"href":"https:\/\/dimensionturistica.com\/es\/wp-json\/wp\/v2\/types\/post"}],"author":[{"embeddable":true,"href":"https:\/\/dimensionturistica.com\/es\/wp-json\/wp\/v2\/users\/14"}],"replies":[{"embeddable":true,"href":"https:\/\/dimensionturistica.com\/es\/wp-json\/wp\/v2\/comments?post=1115355"}],"version-history":[{"count":1,"href":"https:\/\/dimensionturistica.com\/es\/wp-json\/wp\/v2\/posts\/1115355\/revisions"}],"predecessor-version":[{"id":1115357,"href":"https:\/\/dimensionturistica.com\/es\/wp-json\/wp\/v2\/posts\/1115355\/revisions\/1115357"}],"wp:featuredmedia":[{"embeddable":true,"href":"https:\/\/dimensionturistica.com\/es\/wp-json\/wp\/v2\/media\/1115356"}],"wp:attachment":[{"href":"https:\/\/dimensionturistica.com\/es\/wp-json\/wp\/v2\/media?parent=1115355"}],"wp:term":[{"taxonomy":"category","embeddable":true,"href":"https:\/\/dimensionturistica.com\/es\/wp-json\/wp\/v2\/categories?post=1115355"},{"taxonomy":"post_tag","embeddable":true,"href":"https:\/\/dimensionturistica.com\/es\/wp-json\/wp\/v2\/tags?post=1115355"}],"curies":[{"name":"wp","href":"https:\/\/api.w.org\/{rel}","templated":true}]}}