{"id":1114899,"date":"2026-02-21T08:45:08","date_gmt":"2026-02-21T08:45:08","guid":{"rendered":"https:\/\/dimensionturistica.com\/es\/?p=1114899"},"modified":"2026-02-21T08:45:08","modified_gmt":"2026-02-21T08:45:08","slug":"marcas-de-belleza-los-mejores-looks-de-la-semana-13","status":"publish","type":"post","link":"https:\/\/dimensionturistica.com\/es\/marcas-de-belleza-los-mejores-looks-de-la-semana-13\/","title":{"rendered":"Marcas de Belleza: Los Mejores Looks de la Semana"},"content":{"rendered":"<h3>Las Tendencias de Belleza que Nos Dejan Sin Aliento<\/h3>\n<p>La pasarela de la moda no solo deslumbra con sus atuendos, sino que tambi\u00e9n se convierte en un verdadero escaparate de tendencias en belleza que marcan la pauta. En la \u00faltima semana, hemos sido testigos de una serie de looks que combinan audacia y elegancia, capturando la esencia del estilo contempor\u00e1neo.<\/p>\n<p><strong>Labios que Hablan:<\/strong> Este instante se ha visto enriquecido por labios vibrantes que roban miradas. Colores audaces, desde un rojo intenso hasta tonos m\u00e1s atrevidos como el morado oscuro, se han alzado como protagonistas. Estos labios no solo definen el rostro, sino que tambi\u00e9n potencian la seguridad de quien los lleva. El acabado mate sigue siendo un favorito, pero los brillos sutiles est\u00e1n ganando terreno, aportando un toque de frescura.<\/p>\n<p><strong>Ojos que Hipnotizan:<\/strong> El maquillaje de ojos ha encontrado su camino hacia la exageraci\u00f3n elegante. Las sombras hologr\u00e1ficas y brillantes han hecho una aparici\u00f3n inesperada, transformando cada mirada en un espect\u00e1culo. La tendencia de delineados gr\u00e1ficos tambi\u00e9n ha resurgido, otorgando un aire moderno y vanguardista. Las pesta\u00f1as voluminosas, bien definidas, complementan este enfoque dram\u00e1tico, asegurando que cada parpadeo tenga un impacto.<\/p>\n<p><strong>Piel Radiante y Natural:<\/strong> La piel glow sigue siendo el est\u00e1ndar dorado. La tendencia se enfoca en resaltar la luminosidad natural, con productos que aportan un efecto saludable. Las bases ligeras y los iluminadores sutiles permiten que la piel respire y luzca fresca, destacando caracter\u00edsticas \u00fanicas en lugar de ocultarlas.<\/p>\n<p><strong>Peinados que Cautivan:<\/strong> Los peinados adoptan un enfoque creativo, fusionando lo cl\u00e1sico con lo contempor\u00e1neo. Desde trenzas art\u00edsticas hasta recogidos deshechos, la versatilidad es clave. La incorporaci\u00f3n de accesorios en el cabello, como diademas brillantes y ganchos personalizados, ha a\u00f1adido un giro chic a estos estilos, convirti\u00e9ndolos en el complemento perfecto para cualquier look.<\/p>\n<p><strong>Versatilidad en la Manicura:<\/strong> La manicura tambi\u00e9n ha dado un paso adelante, apostando por dise\u00f1os gr\u00e1ficos y colores brillantes. La mezcla de texturas y acabados es la nueva norma, invitando a experimentar con lo audaz. Los detalles en 3D y los esmaltes mate frente a los brillantes ofrecen un abanico de posibilidades para todos los gustos.<\/p>\n<p>La moda y la belleza convergen de una manera que invita a cada individuo a expresarse. Las tendencias actuales celebran la diversidad y promueven una est\u00e9tica que se adhiere a la individualidad. Cada look es una invitaci\u00f3n a explorar nuevas dimensiones de autoexpresi\u00f3n, convirtiendo cada d\u00eda en una oportunidad para brillar.<\/p>\n<p>Con todas estas innovaciones y propuestas, el espect\u00e1culo de la belleza contin\u00faa evolucionando, asegurando que todos tengan un lugar en el escenario. \u00a1Es momento de inspirarse y dejar que cada elecci\u00f3n refleje la esencia \u00fanica de quienes somos!<\/p>\n<p><em> &#8221; Fuentes www.vogue.com &#8221; <\/em><\/p>\n","protected":false},"excerpt":{"rendered":"<p>Las Tendencias de Belleza que Nos Dejan Sin Aliento La pasarela de la moda no solo deslumbra con sus atuendos, sino que tambi\u00e9n se convierte en un verdadero escaparate de tendencias en belleza que marcan la pauta. En la \u00faltima semana, hemos sido testigos de una serie de looks que combinan audacia y elegancia, capturando [&hellip;]<\/p>\n","protected":false},"author":14,"featured_media":1114900,"comment_status":"open","ping_status":"closed","sticky":false,"template":"","format":"standard","meta":{"om_disable_all_campaigns":false,"jnews-multi-image_gallery":[],"jnews_single_post":[],"jnews_primary_category":[],"jnews_social_meta":[],"footnotes":""},"categories":[144872],"tags":[208639,112170,72867,201306,200440,190460,166,198593,120189,217117,372,373,198563],"class_list":["post-1114899","post","type-post","status-publish","format-standard","has-post-thumbnail","hentry","category-fashion","tag-_votingservice_app","tag-aesthetics","tag-beauty","tag-beauty-looks","tag-beauty-trends","tag-cosmetics","tag-fashion","tag-makeup","tag-skincare","tag-storytypenews-trending","tag-style","tag-web","tag-weekly-roundup"],"_links":{"self":[{"href":"https:\/\/dimensionturistica.com\/es\/wp-json\/wp\/v2\/posts\/1114899","targetHints":{"allow":["GET"]}}],"collection":[{"href":"https:\/\/dimensionturistica.com\/es\/wp-json\/wp\/v2\/posts"}],"about":[{"href":"https:\/\/dimensionturistica.com\/es\/wp-json\/wp\/v2\/types\/post"}],"author":[{"embeddable":true,"href":"https:\/\/dimensionturistica.com\/es\/wp-json\/wp\/v2\/users\/14"}],"replies":[{"embeddable":true,"href":"https:\/\/dimensionturistica.com\/es\/wp-json\/wp\/v2\/comments?post=1114899"}],"version-history":[{"count":1,"href":"https:\/\/dimensionturistica.com\/es\/wp-json\/wp\/v2\/posts\/1114899\/revisions"}],"predecessor-version":[{"id":1114901,"href":"https:\/\/dimensionturistica.com\/es\/wp-json\/wp\/v2\/posts\/1114899\/revisions\/1114901"}],"wp:featuredmedia":[{"embeddable":true,"href":"https:\/\/dimensionturistica.com\/es\/wp-json\/wp\/v2\/media\/1114900"}],"wp:attachment":[{"href":"https:\/\/dimensionturistica.com\/es\/wp-json\/wp\/v2\/media?parent=1114899"}],"wp:term":[{"taxonomy":"category","embeddable":true,"href":"https:\/\/dimensionturistica.com\/es\/wp-json\/wp\/v2\/categories?post=1114899"},{"taxonomy":"post_tag","embeddable":true,"href":"https:\/\/dimensionturistica.com\/es\/wp-json\/wp\/v2\/tags?post=1114899"}],"curies":[{"name":"wp","href":"https:\/\/api.w.org\/{rel}","templated":true}]}}