{"id":1114842,"date":"2026-02-21T04:25:38","date_gmt":"2026-02-21T04:25:38","guid":{"rendered":"https:\/\/dimensionturistica.com\/es\/?p=1114842"},"modified":"2026-02-21T04:25:38","modified_gmt":"2026-02-21T04:25:38","slug":"las-5-marcas-de-abrigos-esenciales-segun-el-estilo-callejero-de-la-semana-de-la-moda","status":"publish","type":"post","link":"https:\/\/dimensionturistica.com\/es\/las-5-marcas-de-abrigos-esenciales-segun-el-estilo-callejero-de-la-semana-de-la-moda\/","title":{"rendered":"Las 5 Marcas de Abrigos Esenciales Seg\u00fan el Estilo Callejero de la Semana de la Moda"},"content":{"rendered":"<h3>Nueva Era del Abrigo: Tendencias Ineludibles en el Oto\u00f1o-Invierno<\/h3>\n<p>La temporada de pasarelas ha comenzado, y con ella, la emoci\u00f3n por descubrir las tendencias que marcar\u00e1n el estilo durante el oto\u00f1o e invierno. Este a\u00f1o, las marcas de outerwear est\u00e1n elevando el juego, combinando innovaci\u00f3n, estilo y funcionalidad de maneras que capturan la atenci\u00f3n de los amantes de la moda. Desde los cl\u00e1sicos reinventados hasta las siluetas vanguardistas, el abrigo se posiciona como la pieza clave del guardarropa.<\/p>\n<h4>Innovaci\u00f3n en Textiles<\/h4>\n<p>La sostenibilidad y la tecnolog\u00eda textil son protagonistas en esta edici\u00f3n. Dise\u00f1adores est\u00e1n experimentando con nuevos materiales que no solo ofrecen una est\u00e9tica impactante, sino que tambi\u00e9n responden a la creciente demanda por un consumo consciente. Los tejidos reciclados y eco-amigables se entrelazan en las colecciones, destacando la responsabilidad social y medioambiental del sector.<\/p>\n<h4>Siluetas Atemporales y Cl\u00e1sicas<\/h4>\n<p>Los abrigos largos, que evocan una elegancia cl\u00e1sica, est\u00e1n tomando protagonismo. Las l\u00edneas limpias y las formas estructuradas se combinan con detalles modernos, creando un equilibrio que resuena tanto en las calles como en las pasarelas. Elementos como los cinturones y los cuellos altos a\u00f1aden un toque distintivo, haciendo que cada abrigo cuente una historia propia.<\/p>\n<h4>Colores y Estampados que Deslumbran<\/h4>\n<p>Los colores del invierno se est\u00e1n reinventando. Los tonos neutros contin\u00faan siendo favoritos, pero la paleta se est\u00e1 ampliando con matices vibrantes y estampados audaces. Los abrigos en tonalidades intensas como el rojo y el verde esmeralda se destacan como declaraciones de estilo, mientras que patrones geom\u00e9tricos y florales rompen con la monoton\u00eda invernal.<\/p>\n<h4>Versatilidad para Todas las Ocasiones<\/h4>\n<p>La versatilidad es esencial en cualquier prenda de outerwear. Este a\u00f1o, las marcas han adoptado un enfoque multifac\u00e9tico, creando piezas que se adaptan a diversas ocasiones. Desde abrigos oversized que ofrecen comodidad y estilo en el d\u00eda a d\u00eda, hasta opciones m\u00e1s sofisticadas para eventos formales, la variedad es clave para un guardarropa equilibrado.<\/p>\n<h4>Accesorios que Complementan<\/h4>\n<p>No se puede olvidar el poder de los accesorios en esta temporada. Bufandas voluminosas, guantes de cuero y gorros de lana se suman a la ecuaci\u00f3n, completando el look de manera magistral. Las marcas est\u00e1n enfatizando la importancia de los detalles, donde cada elemento puede marcar la diferencia y elevar cualquier abrigo a nuevas alturas.<\/p>\n<h4>Impacto en la Cultura Pop<\/h4>\n<p>La influencia de la moda en la cultura popular es innegable. Celebrities y figuras ic\u00f3nicas est\u00e1n adoptando estas tendencias, usando abrigos llamativos que logran captar las miradas tanto en alfombras rojas como en las redes sociales. Este intercambio constante entre la moda y la cultura pop asegura que cada elecci\u00f3n de vestimenta resuene en un p\u00fablico m\u00e1s amplio.<\/p>\n<h3>En Resumen<\/h3>\n<p>La temporada de outerwear para oto\u00f1o-invierno se presenta como un campo de juego emocionante donde la tradici\u00f3n se encuentra con la innovaci\u00f3n. Las marcas est\u00e1n demostrando que los abrigos pueden ser mucho m\u00e1s que una simple prenda; son una declaraci\u00f3n de identidad y estilo. Con tanta variedad y creatividad en juego, la moda de este a\u00f1o promete ser inolvidable. Cada abrigo cuenta una historia, \u00a1y es hora de que todos encuentren la suya!<\/p>\n<p><em> &#8221; Fuentes www.vogue.com &#8221; <\/em><\/p>\n","protected":false},"excerpt":{"rendered":"<p>Nueva Era del Abrigo: Tendencias Ineludibles en el Oto\u00f1o-Invierno La temporada de pasarelas ha comenzado, y con ella, la emoci\u00f3n por descubrir las tendencias que marcar\u00e1n el estilo durante el oto\u00f1o e invierno. Este a\u00f1o, las marcas de outerwear est\u00e1n elevando el juego, combinando innovaci\u00f3n, estilo y funcionalidad de maneras que capturan la atenci\u00f3n de [&hellip;]<\/p>\n","protected":false},"author":14,"featured_media":1114843,"comment_status":"open","ping_status":"closed","sticky":false,"template":"","format":"standard","meta":{"om_disable_all_campaigns":false,"jnews-multi-image_gallery":[],"jnews_single_post":[],"jnews_primary_category":[],"jnews_social_meta":[],"footnotes":""},"categories":[144872],"tags":[198537,198594,198536,198535,87617,80520,166,160411,203799,198499,198825,217454,202,217122,46066,199485,199653,6194,373],"class_list":["post-1114842","post","type-post","status-publish","format-standard","has-post-thumbnail","hentry","category-fashion","tag-_commerce","tag-_sensitivecontent","tag-_seo","tag-_syndication_noshow","tag-brands","tag-clothing","tag-fashion","tag-fashion-week","tag-nyfw","tag-onecolumn","tag-outerwear","tag-seasonal-wear","tag-shopping","tag-storytypecategory-guide-comparison","tag-street-style","tag-style-guide","tag-textbelowcenterfullbleed","tag-trends","tag-web"],"_links":{"self":[{"href":"https:\/\/dimensionturistica.com\/es\/wp-json\/wp\/v2\/posts\/1114842","targetHints":{"allow":["GET"]}}],"collection":[{"href":"https:\/\/dimensionturistica.com\/es\/wp-json\/wp\/v2\/posts"}],"about":[{"href":"https:\/\/dimensionturistica.com\/es\/wp-json\/wp\/v2\/types\/post"}],"author":[{"embeddable":true,"href":"https:\/\/dimensionturistica.com\/es\/wp-json\/wp\/v2\/users\/14"}],"replies":[{"embeddable":true,"href":"https:\/\/dimensionturistica.com\/es\/wp-json\/wp\/v2\/comments?post=1114842"}],"version-history":[{"count":1,"href":"https:\/\/dimensionturistica.com\/es\/wp-json\/wp\/v2\/posts\/1114842\/revisions"}],"predecessor-version":[{"id":1114844,"href":"https:\/\/dimensionturistica.com\/es\/wp-json\/wp\/v2\/posts\/1114842\/revisions\/1114844"}],"wp:featuredmedia":[{"embeddable":true,"href":"https:\/\/dimensionturistica.com\/es\/wp-json\/wp\/v2\/media\/1114843"}],"wp:attachment":[{"href":"https:\/\/dimensionturistica.com\/es\/wp-json\/wp\/v2\/media?parent=1114842"}],"wp:term":[{"taxonomy":"category","embeddable":true,"href":"https:\/\/dimensionturistica.com\/es\/wp-json\/wp\/v2\/categories?post=1114842"},{"taxonomy":"post_tag","embeddable":true,"href":"https:\/\/dimensionturistica.com\/es\/wp-json\/wp\/v2\/tags?post=1114842"}],"curies":[{"name":"wp","href":"https:\/\/api.w.org\/{rel}","templated":true}]}}