{"id":1114821,"date":"2026-02-21T02:41:46","date_gmt":"2026-02-21T02:41:46","guid":{"rendered":"https:\/\/dimensionturistica.com\/es\/?p=1114821"},"modified":"2026-02-21T02:41:46","modified_gmt":"2026-02-21T02:41:46","slug":"horas-de-consulta-como-gucci-westman-descubre-poder-en-rituals-sencillos","status":"publish","type":"post","link":"https:\/\/dimensionturistica.com\/es\/horas-de-consulta-como-gucci-westman-descubre-poder-en-rituals-sencillos\/","title":{"rendered":"Horas de Consulta: C\u00f3mo Gucci Westman Descubre Poder en Rituals Sencillos"},"content":{"rendered":"<p><strong>Estilo y Sencillez: La Revoluci\u00f3n de la Belleza en la Era Moderna<\/strong><\/p>\n<p>En un mundo donde la moda y la belleza a menudo se perciben como aspectos superficiales, surge una voz que transforma esta percepci\u00f3n. Esta innovadora figura comparte su visi\u00f3n sobre la conexi\u00f3n entre estilo personal y bienestar, destacando la importancia de aprovechar la autenticidad en una era definida por la inmediatez y la est\u00e9tica perfecta de las redes sociales.<\/p>\n<h3>Una Nueva Definici\u00f3n de Belleza<\/h3>\n<p>M\u00e1s all\u00e1 de seguir tendencias pasajeras, la propuesta se centra en el poder de los looks naturales. Este enfoque se manifiesta en la elaboraci\u00f3n cuidadosa de productos que no solo realzan las caracter\u00edsticas individuales, sino que tambi\u00e9n permiten a quienes los utilizan conectarse con su esencia. La simplicidad se convierte en un lujo accesible, donde menos es m\u00e1s. Esta perspectiva desaf\u00eda las normas tradicionales, invitando a las personas a redescubrir su belleza innata.<\/p>\n<h3>Conexi\u00f3n con el Entorno<\/h3>\n<p>La elecci\u00f3n del entorno en el que trabajamos tambi\u00e9n juega un papel crucial en la manera en que nos presentamos. La escena se torna en un escenario de creatividad donde la colaboraci\u00f3n impulsa nuevas ideas. Surgen espacios que fomentan un sentido de comunidad, donde la moda se convierte en un di\u00e1logo constante sobre la autoexpresi\u00f3n y el empoderamiento. El ambiente laboral, a menudo percibido como mon\u00f3tono, se transforma en un lienzo vibrante que refleja las aspiraciones personales y profesionales.<\/p>\n<h3>La Influencia de la Tecnolog\u00eda<\/h3>\n<p>En la actualidad, la tecnolog\u00eda se posiciona como un aliado imprescindible en el \u00e1mbito de la belleza. Las plataformas digitales no solo permiten la difusi\u00f3n de ideas innovadoras, sino que tambi\u00e9n crean un puente entre la industria y el consumidor. Aqu\u00ed, la transparencia se convierte en un valor fundamental; los seguidores buscan autenticidad en las historias que rodean a las marcas y sus creadores. Esto ha llevado a una democratizaci\u00f3n del estilo, donde cada individuo puede ser parte de una narrativa m\u00e1s grande.<\/p>\n<h3>Pr\u00e1cticas Cotidianas<\/h3>\n<p>Las rutinas de belleza se reimaginan, incorporando rituales que se integran de manera fluida en la vida diaria. La idea de la &#8216;belleza sin esfuerzo&#8217; se manifiesta a trav\u00e9s de productos vers\u00e1tiles que se adaptan a las diversas facetas de la vida moderna. Esto no solo facilita la vida de aquellos que buscan estar a la moda, sino que tambi\u00e9n promueve la idea de que la belleza puede ser simple y accesible. Los usuarios son animados a experimentar con su estilo, encontrando los productos que realmente resuenan con su identidad.<\/p>\n<h3>Una Comunidad en Evoluci\u00f3n<\/h3>\n<p>La moda y la belleza han dejado de ser territorios exclusivos de pasarelas y editoriales. Ahora, las voces de diversos or\u00edgenes y perspectivas enriquecen el panorama. Esta inclusi\u00f3n genera un sentido de pertenencia y diversidad, donde cada expresi\u00f3n estil\u00edstica es bien recibida. La industria se mueve hacia un espacio m\u00e1s amplio, donde todos pueden encontrar representaci\u00f3n y celebrar sus singularidades.<\/p>\n<p>Las p\u00e1ginas de moda est\u00e1n en constante evoluci\u00f3n, marcadas por la innovaci\u00f3n y la autenticidad. La revoluci\u00f3n que se vislumbra no solo redefine las tendencias est\u00e9ticas, sino que tambi\u00e9n invita a cada individuo a ser parte de un movimiento que celebra la conexi\u00f3n entre la moda y la autenticidad personal. En esta nueva era, el estilo se traduce en valent\u00eda y confianza, animando a todos a encontrar su voz en el fascinante mundo del dise\u00f1o y la belleza.<\/p>\n<p><em> &#8221; Fuentes www.vogue.com &#8221; <\/em><\/p>\n","protected":false},"excerpt":{"rendered":"<p>Estilo y Sencillez: La Revoluci\u00f3n de la Belleza en la Era Moderna En un mundo donde la moda y la belleza a menudo se perciben como aspectos superficiales, surge una voz que transforma esta percepci\u00f3n. Esta innovadora figura comparte su visi\u00f3n sobre la conexi\u00f3n entre estilo personal y bienestar, destacando la importancia de aprovechar la [&hellip;]<\/p>\n","protected":false},"author":14,"featured_media":1114822,"comment_status":"open","ping_status":"closed","sticky":false,"template":"","format":"standard","meta":{"om_disable_all_campaigns":false,"jnews-multi-image_gallery":[],"jnews_single_post":[],"jnews_primary_category":[],"jnews_social_meta":[],"footnotes":""},"categories":[144872],"tags":[198537,72867,34402,215123,309,22399,142300,198499,87099,202,268581,217102,135396,198500,373,209],"class_list":["post-1114821","post","type-post","status-publish","format-standard","has-post-thumbnail","hentry","category-fashion","tag-_commerce","tag-beauty","tag-empowerment","tag-gucci-westman","tag-lifestyle","tag-mindfulness","tag-office-hours","tag-onecolumn","tag-self-care","tag-shopping","tag-simple-rituals","tag-storytypesingle-product-review","tag-strength","tag-textabovecenterfullbleed","tag-web","tag-wellness"],"_links":{"self":[{"href":"https:\/\/dimensionturistica.com\/es\/wp-json\/wp\/v2\/posts\/1114821","targetHints":{"allow":["GET"]}}],"collection":[{"href":"https:\/\/dimensionturistica.com\/es\/wp-json\/wp\/v2\/posts"}],"about":[{"href":"https:\/\/dimensionturistica.com\/es\/wp-json\/wp\/v2\/types\/post"}],"author":[{"embeddable":true,"href":"https:\/\/dimensionturistica.com\/es\/wp-json\/wp\/v2\/users\/14"}],"replies":[{"embeddable":true,"href":"https:\/\/dimensionturistica.com\/es\/wp-json\/wp\/v2\/comments?post=1114821"}],"version-history":[{"count":1,"href":"https:\/\/dimensionturistica.com\/es\/wp-json\/wp\/v2\/posts\/1114821\/revisions"}],"predecessor-version":[{"id":1114823,"href":"https:\/\/dimensionturistica.com\/es\/wp-json\/wp\/v2\/posts\/1114821\/revisions\/1114823"}],"wp:featuredmedia":[{"embeddable":true,"href":"https:\/\/dimensionturistica.com\/es\/wp-json\/wp\/v2\/media\/1114822"}],"wp:attachment":[{"href":"https:\/\/dimensionturistica.com\/es\/wp-json\/wp\/v2\/media?parent=1114821"}],"wp:term":[{"taxonomy":"category","embeddable":true,"href":"https:\/\/dimensionturistica.com\/es\/wp-json\/wp\/v2\/categories?post=1114821"},{"taxonomy":"post_tag","embeddable":true,"href":"https:\/\/dimensionturistica.com\/es\/wp-json\/wp\/v2\/tags?post=1114821"}],"curies":[{"name":"wp","href":"https:\/\/api.w.org\/{rel}","templated":true}]}}