{"id":1114780,"date":"2026-02-20T23:59:46","date_gmt":"2026-02-20T23:59:46","guid":{"rendered":"https:\/\/dimensionturistica.com\/es\/?p=1114780"},"modified":"2026-02-20T23:59:46","modified_gmt":"2026-02-20T23:59:46","slug":"mas-depositos-nuevos-liquidos-a-granel-y-una-terminal-para-cruceros-en-curuxeiras","status":"publish","type":"post","link":"https:\/\/dimensionturistica.com\/es\/mas-depositos-nuevos-liquidos-a-granel-y-una-terminal-para-cruceros-en-curuxeiras\/","title":{"rendered":"M\u00e1s dep\u00f3sitos, nuevos l\u00edquidos a granel y una terminal para cruceros en Curuxeiras."},"content":{"rendered":"<p><strong>Curuxeiras: Un Futuro Brillante para el Turismo en Ferrol<\/strong><\/p>\n<p>La costa gallega, conocida por su impresionante belleza y su rica historia mar\u00edtima, se apresta a dar un paso significativo hacia el futuro del turismo. En el coraz\u00f3n de esta transformaci\u00f3n se encuentra Curuxeiras, una de las zonas m\u00e1s emblem\u00e1ticas de Ferrol. Recientemente, se han anunciado ambiciosos planes para revitalizar este puerto, con la creaci\u00f3n de nuevas instalaciones que no solo beneficiar\u00e1n el comercio, sino que tambi\u00e9n prometen atraer a un mayor n\u00famero de visitantes.<\/p>\n<p>Uno de los cambios m\u00e1s excitantes es la implementaci\u00f3n de contenedores para graneles l\u00edquidos, lo que revitalizar\u00e1 la actividad comercial del puerto. Este desarrollo no solo impulsar\u00e1 la econom\u00eda local, sino que tambi\u00e9n crear\u00e1 un entorno din\u00e1mico donde la tradici\u00f3n y la modernidad se entrelazan. A medida que se modernizan las infraestructuras, se espera que una serie de actividades relacionadas con el turismo comiencen a florecer en la zona.<\/p>\n<p>La adici\u00f3n de una terminal de cruceros es un componente clave de este plan. Este nuevo punto de entrada promete convertirse en una puerta de acceso a la riqueza cultural y natural de Ferrol y sus alrededores. Imaginen desembarcar de un crucero y encontrarse en un lugar donde la historia se respira en cada esquina, con monumentos marinos y militares que narran relatos de tiempos pasados. Desde la impresionante arquitectura del Arsenal hasta el impresionante legado naval de la ciudad, Ferrol es un destino que mezcla cultura, aventura y gastronom\u00eda.<\/p>\n<p>Con la nueva terminal de cruceros, se abre un mundo de posibilidades para los turistas. Los visitantes podr\u00e1n disfrutar de excursiones mar\u00edtimas que les permitan explorar la costa gallega, as\u00ed como tours que conecten con otras ciudades cercanas. Adem\u00e1s, la creciente popularidad de Ferrol como destino tur\u00edstico convierte a la ciudad en un punto estrat\u00e9gico para quienes buscan disfrutar de la magia de Galicia.<\/p>\n<p>La apuesta por Curuxeiras y su modernizaci\u00f3n tambi\u00e9n se extiende a la creaci\u00f3n de espacios p\u00fablicos y zonas de ocio que invitan a los visitantes a quedarse un poco m\u00e1s. Pasear por el puerto, disfrutar de la rica gastronom\u00eda local en los restaurantes de la costa o simplemente contemplar el paisaje mar\u00edtimo son solo algunas de las actividades que se ofrecer\u00e1n.<\/p>\n<p>A medida que estas transformaciones se materializan, Curuxeiras se perfila como un lugar donde el pasado y el futuro coexisten. Esta evoluci\u00f3n no solo promete recuperar la vitalidad del puerto, sino tambi\u00e9n posicionar a Ferrol como un destino tur\u00edstico de primer nivel en la costa noroeste de Espa\u00f1a.<\/p>\n<p>En conclusi\u00f3n, la visi\u00f3n para Curuxeiras va m\u00e1s all\u00e1 de la reactivaci\u00f3n comercial: es una invitaci\u00f3n a descubrir la esencia de Ferrol. Con la llegada de cruceros y la modernizaci\u00f3n del puerto, estamos a las puertas de una nueva era donde cada rinc\u00f3n de esta ciudad costera espera ser explorado y apreciado por turistas de todas partes. Gallegos y forasteros: Ferrol est\u00e1 lista para dar la bienvenida a todos aquellos que busquen un viaje memorable lleno de historia, cultura y belleza natural. \u00a1No se lo pierdan!<\/p>\n<p><em> &#8221; Fuentes diariodeferrol.elidealgallego.com &#8221; <\/em><\/p>\n","protected":false},"excerpt":{"rendered":"<p>Curuxeiras: Un Futuro Brillante para el Turismo en Ferrol La costa gallega, conocida por su impresionante belleza y su rica historia mar\u00edtima, se apresta a dar un paso significativo hacia el futuro del turismo. En el coraz\u00f3n de esta transformaci\u00f3n se encuentra Curuxeiras, una de las zonas m\u00e1s emblem\u00e1ticas de Ferrol. Recientemente, se han anunciado [&hellip;]<\/p>\n","protected":false},"author":4,"featured_media":1114781,"comment_status":"open","ping_status":"closed","sticky":false,"template":"","format":"standard","meta":{"om_disable_all_campaigns":false,"jnews-multi-image_gallery":[],"jnews_single_post":[],"jnews_primary_category":[],"jnews_social_meta":[],"footnotes":""},"categories":[41],"tags":[585,21000,222061,65829,21639,268570,3259,14297,4036,544],"class_list":["post-1114780","post","type-post","status-publish","format-standard","has-post-thumbnail","hentry","category-cruceros","tag-comercio","tag-contenedores","tag-curuxeiras","tag-desarrollo-portuario","tag-economia-local","tag-graneles-liquidos","tag-infraestructura","tag-terminal-de-cruceros","tag-transporte-maritimo","tag-turismo"],"_links":{"self":[{"href":"https:\/\/dimensionturistica.com\/es\/wp-json\/wp\/v2\/posts\/1114780","targetHints":{"allow":["GET"]}}],"collection":[{"href":"https:\/\/dimensionturistica.com\/es\/wp-json\/wp\/v2\/posts"}],"about":[{"href":"https:\/\/dimensionturistica.com\/es\/wp-json\/wp\/v2\/types\/post"}],"author":[{"embeddable":true,"href":"https:\/\/dimensionturistica.com\/es\/wp-json\/wp\/v2\/users\/4"}],"replies":[{"embeddable":true,"href":"https:\/\/dimensionturistica.com\/es\/wp-json\/wp\/v2\/comments?post=1114780"}],"version-history":[{"count":1,"href":"https:\/\/dimensionturistica.com\/es\/wp-json\/wp\/v2\/posts\/1114780\/revisions"}],"predecessor-version":[{"id":1114782,"href":"https:\/\/dimensionturistica.com\/es\/wp-json\/wp\/v2\/posts\/1114780\/revisions\/1114782"}],"wp:featuredmedia":[{"embeddable":true,"href":"https:\/\/dimensionturistica.com\/es\/wp-json\/wp\/v2\/media\/1114781"}],"wp:attachment":[{"href":"https:\/\/dimensionturistica.com\/es\/wp-json\/wp\/v2\/media?parent=1114780"}],"wp:term":[{"taxonomy":"category","embeddable":true,"href":"https:\/\/dimensionturistica.com\/es\/wp-json\/wp\/v2\/categories?post=1114780"},{"taxonomy":"post_tag","embeddable":true,"href":"https:\/\/dimensionturistica.com\/es\/wp-json\/wp\/v2\/tags?post=1114780"}],"curies":[{"name":"wp","href":"https:\/\/api.w.org\/{rel}","templated":true}]}}