{"id":1114652,"date":"2026-02-20T18:09:39","date_gmt":"2026-02-20T18:09:39","guid":{"rendered":"https:\/\/dimensionturistica.com\/es\/?p=1114652"},"modified":"2026-02-20T18:09:39","modified_gmt":"2026-02-20T18:09:39","slug":"el-equipo-de-verificacion-de-informacion-cuestiono-un-reportaje-sobre-los-viajes-de-milei-sin-refutar-ningun-dato","status":"publish","type":"post","link":"https:\/\/dimensionturistica.com\/es\/el-equipo-de-verificacion-de-informacion-cuestiono-un-reportaje-sobre-los-viajes-de-milei-sin-refutar-ningun-dato\/","title":{"rendered":"El equipo de verificaci\u00f3n de informaci\u00f3n cuestion\u00f3 un reportaje sobre los viajes de Milei, sin refutar ning\u00fan dato."},"content":{"rendered":"<h3>El Viaje del Conocimiento: Aventura y Controversia en el Mundo Tur\u00edstico<\/h3>\n<p>En la era de la informaci\u00f3n, donde la realidad y la ficci\u00f3n a menudo se entrelazan, los viajes no solo son una oportunidad para explorar nuevos destinos, sino tambi\u00e9n un campo de juego para el debate y la percepci\u00f3n p\u00fablica. Uno de los temas que ha cobrado protagonismo recientemente es el impacto de las noticias, y particularmente la desinformaci\u00f3n, en la percepci\u00f3n de las pol\u00edticas tur\u00edsticas y de movilidad de las figuras p\u00fablicas.<\/p>\n<p>La intersecci\u00f3n entre la pol\u00edtica y el turismo puede ser fascinante, pero tambi\u00e9n espinosa. La forma en que se presentan las decisiones de un l\u00edder y sus actividades puede influir en la opini\u00f3n p\u00fablica y, en consecuencia, en el flujo tur\u00edstico de un pa\u00eds. Por ejemplo, las recientes cr\u00edticas y cuestionamientos sobre las actividades de un pol\u00edtico han resaltado c\u00f3mo cada movimiento puede ser interpretado, malinterpretado o utilizado para agendas espec\u00edficas.<\/p>\n<p>Imaginemos el viaje de un pol\u00edtico en un contexto global. Cada paso, cada encuentro y cada decisi\u00f3n suscitan no solo el inter\u00e9s de los medios, sino tambi\u00e9n la atenci\u00f3n cr\u00edtica del p\u00fablico. A menudo, las historias sobre estos viajes se ven matizadas por la controversia. \u00bfRealmente se han llevado a cabo en el mejor inter\u00e9s de la naci\u00f3n, o son meras apariencias dise\u00f1adas para ganar simpat\u00eda? Este dilema no es nuevo; es un fen\u00f3meno que trasciende fronteras y \u00e9pocas.<\/p>\n<p>Los amantes del turismo se encuentran en un punto de inflexi\u00f3n: est\u00e1n impulsados a investigar m\u00e1s sobre los lugares que visitan, no solo por la belleza de los paisajes, sino por el contexto pol\u00edtico que los rodea. La curiosidad se convierte en conocimiento, y lo que una vez fue un pasatiempo se transforma en una responsabilidad. Las redes sociales juegan un papel significativo en esta narrativa, amplificando tanto los logros como los fracasos de los l\u00edderes y sus elecciones de viaje.<\/p>\n<p>Adem\u00e1s, es importante mencionar el papel que juegan los medios de comunicaci\u00f3n en la construcci\u00f3n de esta imagen. Un art\u00edculo bien investigado puede iluminar aspectos que son cruciales para entender c\u00f3mo las decisiones de viaje pueden reflejar o impactar la identidad cultural y la econom\u00eda local. Sin embargo, la proliferaci\u00f3n de noticias no siempre asegura la veracidad; por esta raz\u00f3n, es esencial que los viajeros y ciudadanos mantengan un pensamiento cr\u00edtico ante la informaci\u00f3n que consumen.<\/p>\n<p>En conclusi\u00f3n, el turismo es m\u00e1s que un recorrido por paisajes id\u00edlicos; es una ventana a la realidad socio-pol\u00edtica de un pa\u00eds. Cada viaje est\u00e1 lleno de historias no contadas, realidades complejas y, a menudo, controversias que invitan a la reflexi\u00f3n. As\u00ed que la pr\u00f3xima vez que planifiques un viaje, considera no solo el destino, sino tambi\u00e9n la narrativa que lo rodea. Al hacerlo, podr\u00e1s transformar tu experiencia y comprensi\u00f3n del mundo, navegando entre la verdad y la ficci\u00f3n con mayor claridad. \u00a1Buena aventura!<\/p>\n<p><em> &#8221; Fuentes noticias.perfil.com &#8221; <\/em><\/p>\n","protected":false},"excerpt":{"rendered":"<p>El Viaje del Conocimiento: Aventura y Controversia en el Mundo Tur\u00edstico En la era de la informaci\u00f3n, donde la realidad y la ficci\u00f3n a menudo se entrelazan, los viajes no solo son una oportunidad para explorar nuevos destinos, sino tambi\u00e9n un campo de juego para el debate y la percepci\u00f3n p\u00fablica. Uno de los temas [&hellip;]<\/p>\n","protected":false},"author":4,"featured_media":1114653,"comment_status":"open","ping_status":"closed","sticky":false,"template":"","format":"standard","meta":{"om_disable_all_campaigns":false,"jnews-multi-image_gallery":[],"jnews_single_post":[],"jnews_primary_category":[],"jnews_social_meta":[],"footnotes":""},"categories":[39],"tags":[1633,190105,123555,74861,547,1832,36456,1728,545],"class_list":["post-1114652","post","type-post","status-publish","format-standard","has-post-thumbnail","hentry","category-viajes","tag-critica","tag-desinformacion","tag-desmentir","tag-fake-news","tag-informacion","tag-medios","tag-milei","tag-periodismo","tag-viajes"],"_links":{"self":[{"href":"https:\/\/dimensionturistica.com\/es\/wp-json\/wp\/v2\/posts\/1114652","targetHints":{"allow":["GET"]}}],"collection":[{"href":"https:\/\/dimensionturistica.com\/es\/wp-json\/wp\/v2\/posts"}],"about":[{"href":"https:\/\/dimensionturistica.com\/es\/wp-json\/wp\/v2\/types\/post"}],"author":[{"embeddable":true,"href":"https:\/\/dimensionturistica.com\/es\/wp-json\/wp\/v2\/users\/4"}],"replies":[{"embeddable":true,"href":"https:\/\/dimensionturistica.com\/es\/wp-json\/wp\/v2\/comments?post=1114652"}],"version-history":[{"count":1,"href":"https:\/\/dimensionturistica.com\/es\/wp-json\/wp\/v2\/posts\/1114652\/revisions"}],"predecessor-version":[{"id":1114654,"href":"https:\/\/dimensionturistica.com\/es\/wp-json\/wp\/v2\/posts\/1114652\/revisions\/1114654"}],"wp:featuredmedia":[{"embeddable":true,"href":"https:\/\/dimensionturistica.com\/es\/wp-json\/wp\/v2\/media\/1114653"}],"wp:attachment":[{"href":"https:\/\/dimensionturistica.com\/es\/wp-json\/wp\/v2\/media?parent=1114652"}],"wp:term":[{"taxonomy":"category","embeddable":true,"href":"https:\/\/dimensionturistica.com\/es\/wp-json\/wp\/v2\/categories?post=1114652"},{"taxonomy":"post_tag","embeddable":true,"href":"https:\/\/dimensionturistica.com\/es\/wp-json\/wp\/v2\/tags?post=1114652"}],"curies":[{"name":"wp","href":"https:\/\/api.w.org\/{rel}","templated":true}]}}