{"id":1114529,"date":"2026-02-20T11:51:30","date_gmt":"2026-02-20T11:51:30","guid":{"rendered":"https:\/\/dimensionturistica.com\/es\/?p=1114529"},"modified":"2026-02-20T11:51:30","modified_gmt":"2026-02-20T11:51:30","slug":"noruega-advierte-a-sus-ciudadanos-sobre-evitar-viajes-no-esenciales-a-cuba","status":"publish","type":"post","link":"https:\/\/dimensionturistica.com\/es\/noruega-advierte-a-sus-ciudadanos-sobre-evitar-viajes-no-esenciales-a-cuba\/","title":{"rendered":"Noruega advierte a sus ciudadanos sobre evitar viajes no esenciales a Cuba."},"content":{"rendered":"<p><strong>Cuba: un destino entre la belleza y la precauci\u00f3n<\/strong><\/p>\n<p>Cuba ha sido hist\u00f3ricamente un faro de cultura vibrante, paisajes deslumbrantes y una hospitalidad \u00fanica que atrae a viajeros de todo el mundo. Sin embargo, en un contexto global donde las recomendaciones de viaje juegan un papel crucial, recientes advertencias han llevado a los viajeros a reconsiderar sus planes a este fascinante archipi\u00e9lago.<\/p>\n<p>Las autoridades noruegas han instado a sus ciudadanos a posponer cualquier viaje no esencial a la isla. Esta advertencia surge en medio de preocupaciones sobre la seguridad y la estabilidad en la regi\u00f3n. Un fen\u00f3meno que, aunque puede parecer distante para algunos, suscita un inter\u00e9s renovado por entender la realidad cubana a trav\u00e9s de una \u00f3ptica m\u00e1s cr\u00edtica.<\/p>\n<p>Si bien la isla ofrece playas de arena blanca, patrimonio arquitect\u00f3nico de la era colonial y una rica herencia cultural, los desaf\u00edos que enfrenta actualmente no pueden ser ignorados. La situaci\u00f3n en Cuba se ha deteriorado en ciertos aspectos, lo que ha llevado a un aumento de la criminalidad y a la escasez de suministros b\u00e1sicos. Para los que sue\u00f1an con un viaje a La Habana o a las paradis\u00edacas playas de Varadero, existe una inquietud sobre los riesgos que podr\u00edan encontrar.<\/p>\n<p>No obstante, el atractivo de Cuba no se limita \u00fanicamente a sus paisajes; su esencia cultural, la m\u00fasica en cada esquina y la calidez de su gente siguen marcando la pauta. Muchos viajeros a\u00fan encuentran motivos para visitar, deslumbrados por la posibilidad de empaparse de sus tradiciones y modos de vida.<\/p>\n<p>Aquellos que consideren viajar deben hacerlo con conocimiento y precauci\u00f3n. Es fundamental informarse sobre las \u00faltimas recomendaciones de seguridad y salud, as\u00ed como estar al tanto de la situaci\u00f3n local. Hay que evaluar si el viaje es realmente necesario o si es posible posponerlo hasta que la situaci\u00f3n sea m\u00e1s favorable.<\/p>\n<p>Cuba contin\u00faa siendo un destino de ensue\u00f1o para muchos, pero la seguridad debe ser la prioridad al planificar un viaje. Mientras la comunidad internacional sigue de cerca la evoluci\u00f3n de la isla, los futuros visitantes est\u00e1n llamados a mantener la curiosidad y la prudencia. Al final, la decisi\u00f3n de viajar debe equilibrar el deseo de explorar nuevos horizontes con la necesidad de asegurar la propia integridad y bienestar.<\/p>\n<p><em> &#8221; Fuentes www.infobae.com &#8221; <\/em><\/p>\n","protected":false},"excerpt":{"rendered":"<p>Cuba: un destino entre la belleza y la precauci\u00f3n Cuba ha sido hist\u00f3ricamente un faro de cultura vibrante, paisajes deslumbrantes y una hospitalidad \u00fanica que atrae a viajeros de todo el mundo. Sin embargo, en un contexto global donde las recomendaciones de viaje juegan un papel crucial, recientes advertencias han llevado a los viajeros a [&hellip;]<\/p>\n","protected":false},"author":4,"featured_media":1114530,"comment_status":"open","ping_status":"closed","sticky":false,"template":"","format":"standard","meta":{"om_disable_all_campaigns":false,"jnews-multi-image_gallery":[],"jnews_single_post":[],"jnews_primary_category":[],"jnews_social_meta":[],"footnotes":""},"categories":[39],"tags":[956,698,268510,2758,1979,2855,986,570,545],"class_list":["post-1114529","post","type-post","status-publish","format-standard","has-post-thumbnail","hentry","category-viajes","tag-cuba","tag-gobierno","tag-no-imprescindibles","tag-noruega","tag-recomendaciones","tag-restricciones","tag-seguridad","tag-turistas","tag-viajes"],"_links":{"self":[{"href":"https:\/\/dimensionturistica.com\/es\/wp-json\/wp\/v2\/posts\/1114529","targetHints":{"allow":["GET"]}}],"collection":[{"href":"https:\/\/dimensionturistica.com\/es\/wp-json\/wp\/v2\/posts"}],"about":[{"href":"https:\/\/dimensionturistica.com\/es\/wp-json\/wp\/v2\/types\/post"}],"author":[{"embeddable":true,"href":"https:\/\/dimensionturistica.com\/es\/wp-json\/wp\/v2\/users\/4"}],"replies":[{"embeddable":true,"href":"https:\/\/dimensionturistica.com\/es\/wp-json\/wp\/v2\/comments?post=1114529"}],"version-history":[{"count":1,"href":"https:\/\/dimensionturistica.com\/es\/wp-json\/wp\/v2\/posts\/1114529\/revisions"}],"predecessor-version":[{"id":1114531,"href":"https:\/\/dimensionturistica.com\/es\/wp-json\/wp\/v2\/posts\/1114529\/revisions\/1114531"}],"wp:featuredmedia":[{"embeddable":true,"href":"https:\/\/dimensionturistica.com\/es\/wp-json\/wp\/v2\/media\/1114530"}],"wp:attachment":[{"href":"https:\/\/dimensionturistica.com\/es\/wp-json\/wp\/v2\/media?parent=1114529"}],"wp:term":[{"taxonomy":"category","embeddable":true,"href":"https:\/\/dimensionturistica.com\/es\/wp-json\/wp\/v2\/categories?post=1114529"},{"taxonomy":"post_tag","embeddable":true,"href":"https:\/\/dimensionturistica.com\/es\/wp-json\/wp\/v2\/tags?post=1114529"}],"curies":[{"name":"wp","href":"https:\/\/api.w.org\/{rel}","templated":true}]}}