{"id":1114403,"date":"2026-02-20T05:05:47","date_gmt":"2026-02-20T05:05:47","guid":{"rendered":"https:\/\/dimensionturistica.com\/es\/?p=1114403"},"modified":"2026-02-20T05:05:47","modified_gmt":"2026-02-20T05:05:47","slug":"te-sientes-agotado-estos-componentes-podrian-aliviarte","status":"publish","type":"post","link":"https:\/\/dimensionturistica.com\/es\/te-sientes-agotado-estos-componentes-podrian-aliviarte\/","title":{"rendered":"\u00bfTe Sientes Agotado? Estos Componentes Podr\u00edan Aliviarte."},"content":{"rendered":"<h3>Tendencias emergentes en el estilo de vida: energ\u00eda, enfoque y bienestar<\/h3>\n<p>En un mundo donde el ajetreo diario parece ser la norma, la b\u00fasqueda del bienestar se ha convertido en un objetivo com\u00fan. La moda, lejos de ser solo est\u00e9tica, est\u00e1 evolucionando hacia un enfoque que prioriza la salud f\u00edsica y mental. A medida que las tendencias sociales y culturales cambian, el inter\u00e9s por pr\u00e1cticas que promuevan la energ\u00eda y el enfoque se intensifica, formando un nuevo paradigma en el estilo de vida contempor\u00e1neo.<\/p>\n<h4>La est\u00e9tica del bienestar: m\u00e1s que una tendencia<\/h4>\n<p>Las pasarelas y la moda han comenzado a reflejar esta transformaci\u00f3n. Las colecciones presentan tejidos inteligentes, ropa de alto rendimiento y dise\u00f1os que ofrecen comodidad sin sacrificar el estilo. La tendencia se manifiesta en colores suaves y patrones que evocan tranquilidad y positividad, algo que se traduce no solo en lo que llevamos puesto, sino en c\u00f3mo nos sentimos al usarlo.<\/p>\n<h4>Innovaciones en tecnolog\u00eda y salud<\/h4>\n<p>El avance tecnol\u00f3gico tambi\u00e9n est\u00e1 impulsando esta revoluci\u00f3n. Dispositivos como pulseras de actividad, aplicaciones de meditaci\u00f3n y plataformas de fitness virtual han incorporado un enfoque hol\u00edstico que promueve el bienestar integral. Al integrar la moda con la tecnolog\u00eda, se crea una fusi\u00f3n que permite a los consumidores no solo verse bien, sino sentirse bien. La funcionalidad de la ropa, dise\u00f1ada para facilitar el movimiento y la productividad, se convierte en un elemento esencial en la vida diaria.<\/p>\n<h4>Alma y mente: el equilibrio perfecto<\/h4>\n<p>El dise\u00f1o consciente juega un papel crucial en esta nueva era. Las marcas est\u00e1n cada vez m\u00e1s comprometidas con la sostenibilidad y la producci\u00f3n \u00e9tica, entendiendo que el bienestar no se limita al individuo. Se trata de una conexi\u00f3n m\u00e1s profunda con el entorno, lo que se traduce en elecciones de moda que son buenas para el cuerpo y el planeta. Esta conciencia colectiva genera un impacto positivo que resuena en la vida de las personas.<\/p>\n<h4>Espacios que inspiran<\/h4>\n<p>Adem\u00e1s de la vestimenta, los espacios tambi\u00e9n se est\u00e1n transformando. Los espacios de trabajo, por ejemplo, est\u00e1n dise\u00f1ados para fomentar un ambiente de calma y concentraci\u00f3n, utilizando iluminaci\u00f3n natural y elementos naturales en la decoraci\u00f3n. Esta tendencia se extiende tambi\u00e9n a los hogares, donde el dise\u00f1o interior busca crear refugios que promuevan la relajaci\u00f3n y el bienestar.<\/p>\n<h4>La salud mental en la moda<\/h4>\n<p>Cada vez m\u00e1s, se visualiza la conexi\u00f3n entre la moda y la salud mental. A trav\u00e9s de colaboraciones con profesionales del bienestar mental, las marcas est\u00e1n desarrollando productos que no solo son visualmente atractivos, sino que tambi\u00e9n invitan a la introspecci\u00f3n y el autoconocimiento. La moda se convierte as\u00ed en un medio para explorar la identidad y el bienestar emocional.<\/p>\n<h3>El futuro es brillante<\/h3>\n<p>El futuro del bienestar a trav\u00e9s de la moda y el estilo de vida no solo es idealista, sino que est\u00e1 tomando forma en varias industrias. A medida que las personas buscan un sentido de prop\u00f3sito y equilibrio en sus vidas, la moda seguir\u00e1 adapt\u00e1ndose. La intersecci\u00f3n de la salud, la sostenibilidad y la tecnolog\u00eda se alza como un camino hacia adelante, donde el estilo no solo implica lujo, sino un compromiso hacia el bienestar integral.<\/p>\n<p>A medida que esta tendencia crece, anticipar su evoluci\u00f3n resulta intrigante. La moda, en su esencia, ha comenzado a abrazar una narrativa que va m\u00e1s all\u00e1 de las tendencias pasajeras, convirti\u00e9ndose en un veh\u00edculo para promover un estilo de vida saludable y consciente. As\u00ed, cada elecci\u00f3n de moda se transforma en una declaraci\u00f3n de intenciones, un reflejo de valores que resuenan en una comunidad global en b\u00fasqueda de bienestar.<\/p>\n<p><em> &#8221; Fuentes www.vogue.com &#8221; <\/em><\/p>\n","protected":false},"excerpt":{"rendered":"<p>Tendencias emergentes en el estilo de vida: energ\u00eda, enfoque y bienestar En un mundo donde el ajetreo diario parece ser la norma, la b\u00fasqueda del bienestar se ha convertido en un objetivo com\u00fan. La moda, lejos de ser solo est\u00e9tica, est\u00e1 evolucionando hacia un enfoque que prioriza la salud f\u00edsica y mental. A medida que [&hellip;]<\/p>\n","protected":false},"author":14,"featured_media":1114404,"comment_status":"open","ping_status":"closed","sticky":false,"template":"","format":"standard","meta":{"om_disable_all_campaigns":false,"jnews-multi-image_gallery":[],"jnews_single_post":[],"jnews_primary_category":[],"jnews_social_meta":[],"footnotes":""},"categories":[144872],"tags":[215406,126879,99481,77005,309,208,104359,86001,87099,81003,99939,209],"class_list":["post-1114403","post","type-post","status-publish","format-standard","has-post-thumbnail","hentry","category-fashion","tag-energy-boost","tag-fatigue","tag-health-tips","tag-ingredients","tag-lifestyle","tag-mental-health","tag-natural-remedies","tag-nutrition","tag-self-care","tag-sleep","tag-tiredness","tag-wellness"],"_links":{"self":[{"href":"https:\/\/dimensionturistica.com\/es\/wp-json\/wp\/v2\/posts\/1114403","targetHints":{"allow":["GET"]}}],"collection":[{"href":"https:\/\/dimensionturistica.com\/es\/wp-json\/wp\/v2\/posts"}],"about":[{"href":"https:\/\/dimensionturistica.com\/es\/wp-json\/wp\/v2\/types\/post"}],"author":[{"embeddable":true,"href":"https:\/\/dimensionturistica.com\/es\/wp-json\/wp\/v2\/users\/14"}],"replies":[{"embeddable":true,"href":"https:\/\/dimensionturistica.com\/es\/wp-json\/wp\/v2\/comments?post=1114403"}],"version-history":[{"count":1,"href":"https:\/\/dimensionturistica.com\/es\/wp-json\/wp\/v2\/posts\/1114403\/revisions"}],"predecessor-version":[{"id":1114405,"href":"https:\/\/dimensionturistica.com\/es\/wp-json\/wp\/v2\/posts\/1114403\/revisions\/1114405"}],"wp:featuredmedia":[{"embeddable":true,"href":"https:\/\/dimensionturistica.com\/es\/wp-json\/wp\/v2\/media\/1114404"}],"wp:attachment":[{"href":"https:\/\/dimensionturistica.com\/es\/wp-json\/wp\/v2\/media?parent=1114403"}],"wp:term":[{"taxonomy":"category","embeddable":true,"href":"https:\/\/dimensionturistica.com\/es\/wp-json\/wp\/v2\/categories?post=1114403"},{"taxonomy":"post_tag","embeddable":true,"href":"https:\/\/dimensionturistica.com\/es\/wp-json\/wp\/v2\/tags?post=1114403"}],"curies":[{"name":"wp","href":"https:\/\/api.w.org\/{rel}","templated":true}]}}