{"id":1113647,"date":"2026-02-18T16:39:42","date_gmt":"2026-02-18T16:39:42","guid":{"rendered":"https:\/\/dimensionturistica.com\/es\/?p=1113647"},"modified":"2026-02-18T16:39:42","modified_gmt":"2026-02-18T16:39:42","slug":"azul-guaita-deslumbra-con-un-atuendo-de-minifalda-botas-altas-y-joyeria-de-moda-para-la-primavera-verano-2026","status":"publish","type":"post","link":"https:\/\/dimensionturistica.com\/es\/azul-guaita-deslumbra-con-un-atuendo-de-minifalda-botas-altas-y-joyeria-de-moda-para-la-primavera-verano-2026\/","title":{"rendered":"Azul Guaita deslumbra con un atuendo de minifalda, botas altas y joyer\u00eda de moda para la Primavera-Verano 2026."},"content":{"rendered":"<h3>Azul Guaita: El \u00cdcono de la Moda Primavera-Verano 2026<\/h3>\n<p>La temporada primavera-verano 2026 se ha encendido con la audaz propuesta de Azul Guaita, quien ha marcado un antes y un despu\u00e9s en el mundo de la moda. Con un estilo que combina elegancia y modernidad, la joven talentosa se ha convertido en un referente imprescindible, estableciendo tendencias que prometen resonar en cada pasarela y armario.<\/p>\n<h4>Minifaldas: Un Cl\u00e1sico Renovado<\/h4>\n<p>Las minifaldas, un \u00edcono atemporal del vestuario femenino, regresan con una fuerza renovada gracias a la visi\u00f3n contempor\u00e1nea de Guaita. Estas prendas, que realzan la figura y aportan un aire juvenil y fresco, se presentan en diversos patrones y texturas. La combinaci\u00f3n de cortes asim\u00e9tricos y detalles inesperados transforma la minifalda en un must-have de la temporada. Azul ha demostrado que, sin importar la ocasi\u00f3n, las minifaldas pueden adaptarse a cualquier estilo y evento.<\/p>\n<h4>Botas Altas: El Toque Perfecto<\/h4>\n<p>Complementando su atrevido look, las botas altas se han vuelto el calzado protagonista. Perfectas para alargar la silueta y a\u00f1adir un toque de sofisticaci\u00f3n, estas botas se integran a la perfecci\u00f3n en un conjunto que puede oscilar entre lo casual y lo elegante. Ya sea en piel, ante o con estampados llamativos, este calzado es ideal para quienes buscan marcar la diferencia en cada paso.<\/p>\n<h4>Joyer\u00eda en Tendencia<\/h4>\n<p>La joyer\u00eda es el aliado fundamental en el armario de cualquier fashionista, y Azul Guaita lo sabe. La tendencia en joyer\u00eda para esta temporada incluye piezas audaces que cuentan historias y capturan la atenci\u00f3n. Desde collares exuberantes hasta anillos llamativos, la moda se adentra en una explosi\u00f3n de creatividad, invitando a los amantes del estilo a experimentar y jugar con su imagen.<\/p>\n<h4>Combinaciones Inesperadas<\/h4>\n<p>Guaita no solo se conforma con lo tradicional; arriesga con combinaciones inesperadas que rompen esquemas. La mezcla de texturas y colores se ha convertido en su sello distintivo, convirtiendo cada outfit en una obra de arte. \u00bfTe atrever\u00edas a mezclar estampados de flores con elementos met\u00e1licos? La respuesta es s\u00ed. Esta temporada se trata de celebrar la individualidad y atreverse a ser t\u00fa misma.<\/p>\n<h4>El Impacto de Azul Guaita en las Redes Sociales<\/h4>\n<p>La influencia de Azul Guaita se extiende m\u00e1s all\u00e1 de las pasarelas gracias a su presencia en redes sociales, donde comparte su visi\u00f3n de la moda y sus looks diarios. Cada publicaci\u00f3n genera conversaci\u00f3n y engagement, convirti\u00e9ndose en fuente de inspiraci\u00f3n para quienes buscan referencias frescas en su estilo. Con cada outfit, desaf\u00eda las normas y alienta a sus seguidores a experimentar con la moda.<\/p>\n<h3>Conclusiones y Perspectivas<\/h3>\n<p>La combinaci\u00f3n de minifaldas audaces, botas altas y joyer\u00eda impactante colocan a Azul Guaita en el epicentro de la moda primavera-verano 2026. Con un enfoque que invita a la creatividad y a la autoexpresi\u00f3n, su estilo est\u00e1 dise\u00f1ado para resonar con la audiencia contempor\u00e1nea que busca autenticidad y distinci\u00f3n. Este es solo el comienzo de una temporada que promete ser inolvidable en el mundo de la moda.<\/p>\n<p><em> &#8221; Fuentes www.vogue.mx &#8221; <\/em><\/p>\n","protected":false},"excerpt":{"rendered":"<p>Azul Guaita: El \u00cdcono de la Moda Primavera-Verano 2026 La temporada primavera-verano 2026 se ha encendido con la audaz propuesta de Azul Guaita, quien ha marcado un antes y un despu\u00e9s en el mundo de la moda. Con un estilo que combina elegancia y modernidad, la joven talentosa se ha convertido en un referente imprescindible, [&hellip;]<\/p>\n","protected":false},"author":14,"featured_media":1113649,"comment_status":"open","ping_status":"closed","sticky":false,"template":"","format":"standard","meta":{"om_disable_all_campaigns":false,"jnews-multi-image_gallery":[],"jnews_single_post":[],"jnews_primary_category":[],"jnews_social_meta":[],"footnotes":""},"categories":[144872],"tags":[268240,11710,47768,6446,7758,5517,25059,200524,68262,659,35404,230504,1252],"class_list":["post-1113647","post","type-post","status-publish","format-standard","has-post-thumbnail","hentry","category-fashion","tag-azul-guaita","tag-botas","tag-botas-altas","tag-celebridades","tag-estilo","tag-joyeria","tag-look","tag-mini-falda","tag-minifalda","tag-moda","tag-pandora","tag-primavera-verano-2026","tag-tendencia"],"_links":{"self":[{"href":"https:\/\/dimensionturistica.com\/es\/wp-json\/wp\/v2\/posts\/1113647","targetHints":{"allow":["GET"]}}],"collection":[{"href":"https:\/\/dimensionturistica.com\/es\/wp-json\/wp\/v2\/posts"}],"about":[{"href":"https:\/\/dimensionturistica.com\/es\/wp-json\/wp\/v2\/types\/post"}],"author":[{"embeddable":true,"href":"https:\/\/dimensionturistica.com\/es\/wp-json\/wp\/v2\/users\/14"}],"replies":[{"embeddable":true,"href":"https:\/\/dimensionturistica.com\/es\/wp-json\/wp\/v2\/comments?post=1113647"}],"version-history":[{"count":1,"href":"https:\/\/dimensionturistica.com\/es\/wp-json\/wp\/v2\/posts\/1113647\/revisions"}],"predecessor-version":[{"id":1113650,"href":"https:\/\/dimensionturistica.com\/es\/wp-json\/wp\/v2\/posts\/1113647\/revisions\/1113650"}],"wp:featuredmedia":[{"embeddable":true,"href":"https:\/\/dimensionturistica.com\/es\/wp-json\/wp\/v2\/media\/1113649"}],"wp:attachment":[{"href":"https:\/\/dimensionturistica.com\/es\/wp-json\/wp\/v2\/media?parent=1113647"}],"wp:term":[{"taxonomy":"category","embeddable":true,"href":"https:\/\/dimensionturistica.com\/es\/wp-json\/wp\/v2\/categories?post=1113647"},{"taxonomy":"post_tag","embeddable":true,"href":"https:\/\/dimensionturistica.com\/es\/wp-json\/wp\/v2\/tags?post=1113647"}],"curies":[{"name":"wp","href":"https:\/\/api.w.org\/{rel}","templated":true}]}}