{"id":1113426,"date":"2026-02-18T02:50:39","date_gmt":"2026-02-18T02:50:39","guid":{"rendered":"https:\/\/dimensionturistica.com\/es\/?p=1113426"},"modified":"2026-02-18T02:50:39","modified_gmt":"2026-02-18T02:50:39","slug":"frituras-para-todos-ami-paris-y-balthazar-celebran-su-colaboracion-con-una-cena","status":"publish","type":"post","link":"https:\/\/dimensionturistica.com\/es\/frituras-para-todos-ami-paris-y-balthazar-celebran-su-colaboracion-con-una-cena\/","title":{"rendered":"Frituras para Todos: Ami Paris y Balthazar Celebran su Colaboraci\u00f3n con una Cena"},"content":{"rendered":"<h3>Glamour y Elegancia en el Coraz\u00f3n de Nueva York<\/h3>\n<p>La ciudad que nunca duerme fue el escenario perfecto para un evento que reuni\u00f3 a destacadas figuras del mundo de la moda y el arte. En una velada exclusiva, el famoso restaurante Balthazar fue transformado en un verdadero santuario del estilo, donde invitados de renombre se dieron cita para celebrar la \u00faltima colecci\u00f3n de una destacada firma parisina. <\/p>\n<p>Im\u00e1genes de luces tenues y mesas elegantemente decoradas se entrelazan en los recuerdos de esta velada memorable. La atm\u00f3sfera estaba impregnada de sofisticaci\u00f3n, con cada detalle cuidadosamente pensado para crear una experiencia \u00fanica. Desde la selecci\u00f3n de platos gastron\u00f3micos hasta la m\u00fasica en vivo, cada elemento contribuy\u00f3 a un ambiente vibrante que evocaba la conexi\u00f3n entre la moda y la gastronom\u00eda.<\/p>\n<p>Entre los asistentes, se pudo ver a celebridades y figuras influyentes, quienes llevaron sus mejores galas en un despliegue de tendencias y estilos que marcar\u00e1n la pauta para la pr\u00f3xima temporada. Los looks eran un verdadero reflejo de la excelencia en el dise\u00f1o, fusionando la elegancia cl\u00e1sica con toques contempor\u00e1neos. Este encuentro no solo fue una celebraci\u00f3n de la moda, sino tambi\u00e9n una plataforma de intercambio cultural donde se redefinieron los l\u00edmites del estilo y la creatividad.<\/p>\n<p>Los anfitriones, conocidos por su visi\u00f3n audaz y su pasi\u00f3n por el arte, compartieron su inspiraci\u00f3n detr\u00e1s de la nueva colecci\u00f3n. Se exploraron temas que abarcan desde la identidad personal hasta la influencia de la cultura urbana en la alta costura, creando un di\u00e1logo entre el pasado y el presente. Las charlas informales entre dise\u00f1adores y amigos del arte fueron testimonio del poder de la comunidad y del deseo de innovaci\u00f3n que caracteriza a la industria.<\/p>\n<p>Al caer la noche, el bullicio de las conversaciones se hizo eco entre los risas, mientras brindis se entrelazaban con una atm\u00f3sfera de camarader\u00eda. La elegancia del lugar y la calidad de los invitados hicieron que este evento fuera no solo un desfile de moda, sino tambi\u00e9n un acontecimiento social que resonar\u00e1 en las agenda de la alta costura por mucho tiempo.<\/p>\n<p>Este encuentro singular en Nueva York subraya c\u00f3mo la moda es un veh\u00edculo poderoso que no solo informa sobre lo que llevamos puesto, sino que tambi\u00e9n nos une en torno a pasiones compartidas. En una era donde la conexi\u00f3n y la autenticidad son m\u00e1s valoradas que nunca, eventos como este ofrecen un espacio donde la creatividad y el estilo se encuentran, reafirmando la importancia de la comunidad en el mundo de la moda. <\/p>\n<p>Cada detalle, cada conversaci\u00f3n y cada look contribuyeron a un legado que seguramente inspirar\u00e1 a las futuras generaciones de dise\u00f1adores y amantes de la moda. La velada en Balthazar es un recordatorio de que, en el coraz\u00f3n de la moda, siempre hay espacio para la innovaci\u00f3n y la expresi\u00f3n art\u00edstica.<\/p>\n<p><em> &#8221; Fuentes www.vogue.com &#8221; <\/em><\/p>\n","protected":false},"excerpt":{"rendered":"<p>Glamour y Elegancia en el Coraz\u00f3n de Nueva York La ciudad que nunca duerme fue el escenario perfecto para un evento que reuni\u00f3 a destacadas figuras del mundo de la moda y el arte. En una velada exclusiva, el famoso restaurante Balthazar fue transformado en un verdadero santuario del estilo, donde invitados de renombre se [&hellip;]<\/p>\n","protected":false},"author":14,"featured_media":1113427,"comment_status":"open","ping_status":"closed","sticky":false,"template":"","format":"standard","meta":{"om_disable_all_campaigns":false,"jnews-multi-image_gallery":[],"jnews_single_post":[],"jnews_primary_category":[],"jnews_social_meta":[],"footnotes":""},"categories":[144872],"tags":[264609,222922,73240,8220,68660,268183,105962,268182,12090,73239,203622],"class_list":["post-1113426","post","type-post","status-publish","format-standard","has-post-thumbnail","hentry","category-fashion","tag-ami-paris","tag-balthazar","tag-collaboration","tag-culinary","tag-dinner","tag-food-event","tag-french-cuisine","tag-frites","tag-gastronomy","tag-partnership","tag-vogue-parties"],"_links":{"self":[{"href":"https:\/\/dimensionturistica.com\/es\/wp-json\/wp\/v2\/posts\/1113426","targetHints":{"allow":["GET"]}}],"collection":[{"href":"https:\/\/dimensionturistica.com\/es\/wp-json\/wp\/v2\/posts"}],"about":[{"href":"https:\/\/dimensionturistica.com\/es\/wp-json\/wp\/v2\/types\/post"}],"author":[{"embeddable":true,"href":"https:\/\/dimensionturistica.com\/es\/wp-json\/wp\/v2\/users\/14"}],"replies":[{"embeddable":true,"href":"https:\/\/dimensionturistica.com\/es\/wp-json\/wp\/v2\/comments?post=1113426"}],"version-history":[{"count":1,"href":"https:\/\/dimensionturistica.com\/es\/wp-json\/wp\/v2\/posts\/1113426\/revisions"}],"predecessor-version":[{"id":1113428,"href":"https:\/\/dimensionturistica.com\/es\/wp-json\/wp\/v2\/posts\/1113426\/revisions\/1113428"}],"wp:featuredmedia":[{"embeddable":true,"href":"https:\/\/dimensionturistica.com\/es\/wp-json\/wp\/v2\/media\/1113427"}],"wp:attachment":[{"href":"https:\/\/dimensionturistica.com\/es\/wp-json\/wp\/v2\/media?parent=1113426"}],"wp:term":[{"taxonomy":"category","embeddable":true,"href":"https:\/\/dimensionturistica.com\/es\/wp-json\/wp\/v2\/categories?post=1113426"},{"taxonomy":"post_tag","embeddable":true,"href":"https:\/\/dimensionturistica.com\/es\/wp-json\/wp\/v2\/tags?post=1113426"}],"curies":[{"name":"wp","href":"https:\/\/api.w.org\/{rel}","templated":true}]}}