{"id":1113259,"date":"2026-02-17T18:23:49","date_gmt":"2026-02-17T18:23:49","guid":{"rendered":"https:\/\/dimensionturistica.com\/es\/?p=1113259"},"modified":"2026-02-17T18:23:49","modified_gmt":"2026-02-17T18:23:49","slug":"una-iniciativa-municipal-y-agencias-de-turismo-locales-llevara-a-los-jovenes-de-mijas-a-marruecos-del-1-al-3-de-mayo","status":"publish","type":"post","link":"https:\/\/dimensionturistica.com\/es\/una-iniciativa-municipal-y-agencias-de-turismo-locales-llevara-a-los-jovenes-de-mijas-a-marruecos-del-1-al-3-de-mayo\/","title":{"rendered":"Una iniciativa municipal y agencias de turismo locales llevar\u00e1 a los j\u00f3venes de Mijas a Marruecos del 1 al 3 de mayo."},"content":{"rendered":"<h3>Un Viaje Transformador a Marruecos para J\u00f3venes de Mijas<\/h3>\n<p>El municipio de Mijas, en la Costa del Sol, se prepara para un evento que promete ser un hito en la vida de muchos j\u00f3venes. Del 1 al 3 de mayo, un grupo de j\u00f3venes de este encantador enclave espa\u00f1ol har\u00e1 las maletas para embarcarse en una aventura \u00fanica en Marruecos, gracias a un programa impulsado por el Ayuntamiento y agencias de viajes locales.<\/p>\n<h4>Una Oportunidad \u00danica<\/h4>\n<p>Este programa no es solo una simple escapada; se trata de una experiencia enriquecedora que busca fomentar el intercambio cultural y la formaci\u00f3n personal. La iniciativa responde a la necesidad de ofrecer a los j\u00f3venes la oportunidad de conocer otras realidades, expandir sus horizontes y crear v\u00ednculos que trasciendan fronteras.<\/p>\n<p>Los j\u00f3venes participantes tendr\u00e1n la oportunidad de explorar la vibrante cultura marroqu\u00ed, sumergi\u00e9ndose en tradiciones que han perdurado a lo largo del tiempo. Desde el bullicioso zoco de Marrakech hasta las impresionantes vistas des\u00e9rticas, cada rinc\u00f3n promete ser un recordatorio de la riqueza que el mundo tiene para ofrecer.<\/p>\n<h4>Interacci\u00f3n Cultural<\/h4>\n<p>Adem\u00e1s de la aventura, el programa se centra en la interacci\u00f3n con la comunidad local. Los j\u00f3venes tendr\u00e1n la oportunidad de participar en talleres donde aprender\u00e1n sobre la artesan\u00eda tradicional marroqu\u00ed, la gastronom\u00eda local y las costumbres que hacen que este pa\u00eds sea tan especial. Esta inmersi\u00f3n cultural no solo servir\u00e1 para enriquecer sus conocimientos, sino tambi\u00e9n para fomentar el respeto y la comprensi\u00f3n entre diferentes culturas.<\/p>\n<p>La visita se complementar\u00e1 con actividades de responsabilidad social, donde los j\u00f3venes podr\u00e1n contribuir a proyectos comunitarios, dejando una huella positiva en las localidades que visiten. Esta conexi\u00f3n con la comunidad no solo ampl\u00eda la perspectiva de los participantes, sino que tambi\u00e9n les ense\u00f1a el valor de la solidaridad y la cooperaci\u00f3n.<\/p>\n<h4>Un Impulso al Turismo Local<\/h4>\n<p>Este tipo de iniciativas tambi\u00e9n representa un impulso significativo para el turismo local en Mijas. Al fomentar este tipo de intercambios, se abre un camino hacia la creaci\u00f3n de un turismo m\u00e1s sostenible y responsable, donde la comunidad local y los visitantes colaboren estrechamente para crear una experiencia enriquecedora.<\/p>\n<p>Las agencias de viajes involucradas han trabajado de la mano con el Ayuntamiento para garantizar que cada detalle est\u00e9 cuidado, ofreciendo a los j\u00f3venes no solo un viaje, sino una experiencia que recordar\u00e1n por siempre. La organizaci\u00f3n de este programa es una muestra del compromiso del municipio con el desarrollo integral de su juventud y el fomento del esp\u00edritu viajero.<\/p>\n<h4>Preparativos para la Aventura<\/h4>\n<p>Con el inicio de la cuenta atr\u00e1s, los j\u00f3venes ya est\u00e1n sumergidos en los preparativos. Desde empacar maletas hasta aprender algunas frases en \u00e1rabe, la emoci\u00f3n crece d\u00eda a d\u00eda. Esta aventura se convierte en una oportunidad no solo para descubrir un nuevo pa\u00eds, sino tambi\u00e9n para hacer amistades duraderas y aprender sobre s\u00ed mismos en el proceso.<\/p>\n<p>En suma, este programa promete ser mucho m\u00e1s que un viaje; es una experiencia transformadora que marcar\u00e1 un antes y un despu\u00e9s en la vida de estos j\u00f3venes. Mientras Mijas sigue brillando como un destino en la Costa del Sol, esta conexi\u00f3n con Marruecos destaca la importancia de la apertura cultural y el aprendizaje continuo. Con cada paso en esta nueva tierra, los j\u00f3venes participantes est\u00e1n a punto de embarcarse en un viaje hacia el descubrimiento, la amistad y el crecimiento personal. Sin duda, una aventura que vale la pena seguir.<\/p>\n<p><em> &#8221; Sources www.azcostadelsol.com &#8221; <\/em><\/p>\n","protected":false},"excerpt":{"rendered":"<p>Un Viaje Transformador a Marruecos para J\u00f3venes de Mijas El municipio de Mijas, en la Costa del Sol, se prepara para un evento que promete ser un hito en la vida de muchos j\u00f3venes. Del 1 al 3 de mayo, un grupo de j\u00f3venes de este encantador enclave espa\u00f1ol har\u00e1 las maletas para embarcarse en [&hellip;]<\/p>\n","protected":false},"author":4,"featured_media":1113260,"comment_status":"open","ping_status":"closed","sticky":false,"template":"","format":"standard","meta":{"om_disable_all_campaigns":false,"jnews-multi-image_gallery":[],"jnews_single_post":[],"jnews_primary_category":[],"jnews_social_meta":[],"footnotes":""},"categories":[40],"tags":[569,603,162931,1331,14404,14915,21708,1819,544,681],"class_list":["post-1113259","post","type-post","status-publish","format-standard","has-post-thumbnail","hentry","category-industria","tag-agencias-de-viajes","tag-ayuntamiento","tag-intercambio-cultural","tag-jovenes","tag-marruecos","tag-mayo","tag-mijas","tag-programa","tag-turismo","tag-viaje"],"_links":{"self":[{"href":"https:\/\/dimensionturistica.com\/es\/wp-json\/wp\/v2\/posts\/1113259","targetHints":{"allow":["GET"]}}],"collection":[{"href":"https:\/\/dimensionturistica.com\/es\/wp-json\/wp\/v2\/posts"}],"about":[{"href":"https:\/\/dimensionturistica.com\/es\/wp-json\/wp\/v2\/types\/post"}],"author":[{"embeddable":true,"href":"https:\/\/dimensionturistica.com\/es\/wp-json\/wp\/v2\/users\/4"}],"replies":[{"embeddable":true,"href":"https:\/\/dimensionturistica.com\/es\/wp-json\/wp\/v2\/comments?post=1113259"}],"version-history":[{"count":1,"href":"https:\/\/dimensionturistica.com\/es\/wp-json\/wp\/v2\/posts\/1113259\/revisions"}],"predecessor-version":[{"id":1113261,"href":"https:\/\/dimensionturistica.com\/es\/wp-json\/wp\/v2\/posts\/1113259\/revisions\/1113261"}],"wp:featuredmedia":[{"embeddable":true,"href":"https:\/\/dimensionturistica.com\/es\/wp-json\/wp\/v2\/media\/1113260"}],"wp:attachment":[{"href":"https:\/\/dimensionturistica.com\/es\/wp-json\/wp\/v2\/media?parent=1113259"}],"wp:term":[{"taxonomy":"category","embeddable":true,"href":"https:\/\/dimensionturistica.com\/es\/wp-json\/wp\/v2\/categories?post=1113259"},{"taxonomy":"post_tag","embeddable":true,"href":"https:\/\/dimensionturistica.com\/es\/wp-json\/wp\/v2\/tags?post=1113259"}],"curies":[{"name":"wp","href":"https:\/\/api.w.org\/{rel}","templated":true}]}}