{"id":1113076,"date":"2026-02-17T08:38:28","date_gmt":"2026-02-17T08:38:28","guid":{"rendered":"https:\/\/dimensionturistica.com\/es\/?p=1113076"},"modified":"2026-02-17T08:38:28","modified_gmt":"2026-02-17T08:38:28","slug":"victoria-beckham-deslumbro-con-sofisticados-zapatos-rojos-combinados-con-un-vestido-drapeado-en-2026","status":"publish","type":"post","link":"https:\/\/dimensionturistica.com\/es\/victoria-beckham-deslumbro-con-sofisticados-zapatos-rojos-combinados-con-un-vestido-drapeado-en-2026\/","title":{"rendered":"Victoria Beckham deslumbr\u00f3 con sofisticados zapatos rojos combinados con un vestido drapeado en 2026."},"content":{"rendered":"<h3>Elegancia y audacia en la pasarela: Victoria Beckham deslumbra en febrero de 2026<\/h3>\n<p>El universo de la moda siempre est\u00e1 en constante transformaci\u00f3n, y cada temporada est\u00e1 marcada por momentos memorables que dejan huella. En este contexto, una de las apariciones m\u00e1s destacadas del reciente febrero de 2026 fue la de Victoria Beckham, quien combin\u00f3 a la perfecci\u00f3n elegancia y audacia en un evento que no pas\u00f3 desapercibido.<\/p>\n<p>La dise\u00f1adora y exintegrante de una famosa girl band se present\u00f3 con un impresionante vestido drapeado que resalt\u00f3 su figura, combinando la sofisticaci\u00f3n cl\u00e1sica con un toque contempor\u00e1neo. Los drapeados no solo aportaron un aire de fluidez y dinamismo al conjunto, sino que tambi\u00e9n reflejaron la esencia de su marca personal: un equilibrio entre la modernidad y la elegancia intemporal.<\/p>\n<p>Uno de los elementos m\u00e1s impactantes de su look fueron los zapatos de color rojo brillante. Este tono vibrante no solo capt\u00f3 la atenci\u00f3n de los asistentes, sino que simboliz\u00f3 una declaraci\u00f3n de intenciones en el \u00e1mbito de la moda. El rojo, conocido por su capacidad de evocar poder y confianza, aport\u00f3 un toque de exuberancia que complement\u00f3 a la perfecci\u00f3n la sobriedad del vestido.<\/p>\n<p>Este conjunto no solo fue una obra maestra de la moda, sino que tambi\u00e9n se tradujo en un mensaje claro: la importancia de destacar en un mar de uniformidad. Beckham demostr\u00f3 que la moda puede ser un veh\u00edculo poderoso para expresarse, animando a todos a explorar su creatividad y a no tener miedo de experimentar con colores y formas.<\/p>\n<p>En un mundo donde las tendencias cambian a la velocidad de la luz, el estilo de Victoria Beckham sigue siendo un referente de c\u00f3mo combinar lo bold y lo chic. Su habilidad para reinventarse continuamente, manteniendo su esencia, la coloca en un lugar privilegiado dentro de la industria.<\/p>\n<p>Adem\u00e1s, sus elecciones de moda est\u00e1n alineadas con un enfoque hacia la sostenibilidad y la calidad, lo que invita a reflexionar sobre c\u00f3mo el futuro de la moda puede combinar la \u00e9tica y la est\u00e9tica. <\/p>\n<p>En resumen, la aparici\u00f3n de Beckham con su vestido drapeado y los impactantes zapatos rojos nos recuerda que la moda es mucho m\u00e1s que prendas; es una forma de comunicaci\u00f3n y autoexpresi\u00f3n. La combinaci\u00f3n de estas piezas en su outfit env\u00eda un mensaje claro: la moda es el mejor aliado para brillar, sin importar el contexto. Y as\u00ed, con un solo look, Victoria Beckham reafirma su estatus como icono eterno en la esfera del estilo.<\/p>\n<p><em> &#8221; Fuentes www.vogue.mx &#8221; <\/em><\/p>\n","protected":false},"excerpt":{"rendered":"<p>Elegancia y audacia en la pasarela: Victoria Beckham deslumbra en febrero de 2026 El universo de la moda siempre est\u00e1 en constante transformaci\u00f3n, y cada temporada est\u00e1 marcada por momentos memorables que dejan huella. En este contexto, una de las apariciones m\u00e1s destacadas del reciente febrero de 2026 fue la de Victoria Beckham, quien combin\u00f3 [&hellip;]<\/p>\n","protected":false},"author":14,"featured_media":1113077,"comment_status":"open","ping_status":"closed","sticky":false,"template":"","format":"standard","meta":{"om_disable_all_campaigns":false,"jnews-multi-image_gallery":[],"jnews_single_post":[],"jnews_primary_category":[],"jnews_social_meta":[],"footnotes":""},"categories":[144872],"tags":[21732,6446,73806,7758,251624,25060,230504,2182,268088,47135,29834,16753,248791],"class_list":["post-1113076","post","type-post","status-publish","format-standard","has-post-thumbnail","hentry","category-fashion","tag-alfombra-roja","tag-celebridades","tag-elegancia","tag-estilo","tag-moda-2026","tag-outfit","tag-primavera-verano-2026","tag-tendencias","tag-vestido-drapeado","tag-vestidos","tag-victoria-beckham","tag-zapatos","tag-zapatos-rojos"],"_links":{"self":[{"href":"https:\/\/dimensionturistica.com\/es\/wp-json\/wp\/v2\/posts\/1113076","targetHints":{"allow":["GET"]}}],"collection":[{"href":"https:\/\/dimensionturistica.com\/es\/wp-json\/wp\/v2\/posts"}],"about":[{"href":"https:\/\/dimensionturistica.com\/es\/wp-json\/wp\/v2\/types\/post"}],"author":[{"embeddable":true,"href":"https:\/\/dimensionturistica.com\/es\/wp-json\/wp\/v2\/users\/14"}],"replies":[{"embeddable":true,"href":"https:\/\/dimensionturistica.com\/es\/wp-json\/wp\/v2\/comments?post=1113076"}],"version-history":[{"count":1,"href":"https:\/\/dimensionturistica.com\/es\/wp-json\/wp\/v2\/posts\/1113076\/revisions"}],"predecessor-version":[{"id":1113078,"href":"https:\/\/dimensionturistica.com\/es\/wp-json\/wp\/v2\/posts\/1113076\/revisions\/1113078"}],"wp:featuredmedia":[{"embeddable":true,"href":"https:\/\/dimensionturistica.com\/es\/wp-json\/wp\/v2\/media\/1113077"}],"wp:attachment":[{"href":"https:\/\/dimensionturistica.com\/es\/wp-json\/wp\/v2\/media?parent=1113076"}],"wp:term":[{"taxonomy":"category","embeddable":true,"href":"https:\/\/dimensionturistica.com\/es\/wp-json\/wp\/v2\/categories?post=1113076"},{"taxonomy":"post_tag","embeddable":true,"href":"https:\/\/dimensionturistica.com\/es\/wp-json\/wp\/v2\/tags?post=1113076"}],"curies":[{"name":"wp","href":"https:\/\/api.w.org\/{rel}","templated":true}]}}