{"id":1113019,"date":"2026-02-17T04:34:41","date_gmt":"2026-02-17T04:34:41","guid":{"rendered":"https:\/\/dimensionturistica.com\/es\/?p=1113019"},"modified":"2026-02-17T04:34:41","modified_gmt":"2026-02-17T04:34:41","slug":"de-cabellera-larga-a-capas-al-estilo-noventero","status":"publish","type":"post","link":"https:\/\/dimensionturistica.com\/es\/de-cabellera-larga-a-capas-al-estilo-noventero\/","title":{"rendered":"De cabellera larga a capas al estilo noventero"},"content":{"rendered":"<h3>Redescubriendo Estilos: Un Viaje a Trav\u00e9s de la Moda Capilar<\/h3>\n<p>El cabello es una parte esencial de nuestra identidad y puede ser una forma poderosa de expresi\u00f3n personal. A lo largo de la historia, las tendencias capilares han ido y venido, reflejando no solo el esp\u00edritu de cada \u00e9poca, sino tambi\u00e9n los cambios culturales y sociales que han marcado nuestras vidas. Hoy, te invitamos a un viaje nost\u00e1lgico, donde repasaremos algunas de las tendencias m\u00e1s emblem\u00e1ticas en la moda del cabello que han sabido conquistar generaciones y que, de alguna manera, siguen presentes en las calles.<\/p>\n<h4>La Melena Larga: Un Cl\u00e1sico Inquebrantable<\/h4>\n<p>La melena larga ha sido un s\u00edmbolo de libertad y feminidad desde tiempos inmemoriales. Especialmente en la d\u00e9cada de los 70, las largas cabelleras se convirtieron en un estandarte de la contracultura, donde lo natural y lo bohemio estaban a la orden del d\u00eda. No solo se trataba de un estilo, sino de una filosof\u00eda de vida: dejar el cabello libre para celebrar la autenticidad. Este look sigue siendo atemporal, con mujeres que eligen dejar crecer su cabello como una declaraci\u00f3n de identidad.<\/p>\n<h4>El Renacer de las Capas<\/h4>\n<p>Avanzamos hacia los a\u00f1os 90, una d\u00e9cada marcada por la mezcla de influencias que dio paso a estilos cada vez m\u00e1s audaces y divertidos. Las capas se convirtieron en un s\u00edmbolo de esta era. Con su capacidad para ofrecer volumen y movimiento, el corte en capas se volvi\u00f3 un favorito en salones de belleza. Esta tendencia permiti\u00f3 a muchos experimentar con diferentes texturas y estilos, adem\u00e1s de adaptarse a diversas formas de rostro. Las capas ofrec\u00edan una forma de individualidad en un tiempo donde la experimentaci\u00f3n era la norma.<\/p>\n<h4>Atractivo Retro en la Actualidad<\/h4>\n<p>Pero, \u00bfqu\u00e9 ha pasado con estos estilos cl\u00e1sicos en el presente? En la era del \u201cvintage\u201d y la nostalgia, las tendencias de los 70 y 90 han vuelto con fuerza. Las redes sociales han sido clave en esta revalorizaci\u00f3n, donde influencers y fashionistas comparten sus interpretaciones modernas de esos looks ic\u00f3nicos. Las capas, por ejemplo, han regresado con un toque contempor\u00e1neo que les da frescura sin perder su esencia.<\/p>\n<h4>La Influencia de la Cultura Pop<\/h4>\n<p>No podemos olvidar el impacto que la cultura pop ha tenido en la moda del cabello. Series y pel\u00edculas han jugado un papel fundamental en establecer tendencias, creando personajes ic\u00f3nicos que se han convertido en referentes de estilo. Desde las melenas de estrellas de rock hasta los cortes de cabello audaces de personajes de ficci\u00f3n, cada uno de estos estilos cuenta una historia que resuena con nuestra propia experiencia, record\u00e1ndonos que la moda es un ciclo que siempre tiene algo nuevo que ofrecer.<\/p>\n<h4>Conclusi\u00f3n: La Moda, un Reflejo de Nuestra Personalidad<\/h4>\n<p>La evoluci\u00f3n de la moda capilar es un viaje fascinante que refleja cambios sociales, culturales, y personales. Ya sea a trav\u00e9s de la libertad de una melena larga o la personalidad de un corte en capas, cada estilo cuenta una historia que puede resonar con nosotros en distintos momentos de nuestra vida. Al final del d\u00eda, la moda del cabello no es solo una cuesti\u00f3n est\u00e9tica, sino una forma de conectar con nuestro yo m\u00e1s aut\u00e9ntico y de explorar qui\u00e9nes somos en un mundo siempre cambiante.<\/p>\n<p>Atr\u00e9vete a experimentar con tu cabello, a redescubrir estilos que te hagan sentir bien. Cada corte y cada color son oportunidades para explorar nuevas facetas de tu identidad, creando un estilo \u00fanico que cuente tu historia en este amplio y vibrante universo.<\/p>\n<p><em> &#8221; Fuentes columnadigital.com &#8221; <\/em><\/p>\n","protected":false},"excerpt":{"rendered":"<p>Redescubriendo Estilos: Un Viaje a Trav\u00e9s de la Moda Capilar El cabello es una parte esencial de nuestra identidad y puede ser una forma poderosa de expresi\u00f3n personal. A lo largo de la historia, las tendencias capilares han ido y venido, reflejando no solo el esp\u00edritu de cada \u00e9poca, sino tambi\u00e9n los cambios culturales y [&hellip;]<\/p>\n","protected":false},"author":4,"featured_media":1113020,"comment_status":"open","ping_status":"closed","sticky":false,"template":"","format":"standard","meta":{"om_disable_all_campaigns":false,"jnews-multi-image_gallery":[],"jnews_single_post":[],"jnews_primary_category":[],"jnews_social_meta":[],"footnotes":""},"categories":[39],"tags":[268062,268065,233985,237877,48859,97392,268063,268066,268064,201979,202426],"class_list":["post-1113019","post","type-post","status-publish","format-standard","has-post-thumbnail","hentry","category-viajes","tag-bob-largo","tag-capas-noventeras","tag-columna-digital","tag-corte-en-capas","tag-cortes-de-pelo","tag-dimension-turistica-magazine","tag-estilo-noventero","tag-estilos-de-los-90","tag-melena-larga","tag-moda-capilar","tag-tendencias-de-cabello"],"_links":{"self":[{"href":"https:\/\/dimensionturistica.com\/es\/wp-json\/wp\/v2\/posts\/1113019","targetHints":{"allow":["GET"]}}],"collection":[{"href":"https:\/\/dimensionturistica.com\/es\/wp-json\/wp\/v2\/posts"}],"about":[{"href":"https:\/\/dimensionturistica.com\/es\/wp-json\/wp\/v2\/types\/post"}],"author":[{"embeddable":true,"href":"https:\/\/dimensionturistica.com\/es\/wp-json\/wp\/v2\/users\/4"}],"replies":[{"embeddable":true,"href":"https:\/\/dimensionturistica.com\/es\/wp-json\/wp\/v2\/comments?post=1113019"}],"version-history":[{"count":1,"href":"https:\/\/dimensionturistica.com\/es\/wp-json\/wp\/v2\/posts\/1113019\/revisions"}],"predecessor-version":[{"id":1113021,"href":"https:\/\/dimensionturistica.com\/es\/wp-json\/wp\/v2\/posts\/1113019\/revisions\/1113021"}],"wp:featuredmedia":[{"embeddable":true,"href":"https:\/\/dimensionturistica.com\/es\/wp-json\/wp\/v2\/media\/1113020"}],"wp:attachment":[{"href":"https:\/\/dimensionturistica.com\/es\/wp-json\/wp\/v2\/media?parent=1113019"}],"wp:term":[{"taxonomy":"category","embeddable":true,"href":"https:\/\/dimensionturistica.com\/es\/wp-json\/wp\/v2\/categories?post=1113019"},{"taxonomy":"post_tag","embeddable":true,"href":"https:\/\/dimensionturistica.com\/es\/wp-json\/wp\/v2\/tags?post=1113019"}],"curies":[{"name":"wp","href":"https:\/\/api.w.org\/{rel}","templated":true}]}}