{"id":1112958,"date":"2026-02-16T23:53:34","date_gmt":"2026-02-16T23:53:34","guid":{"rendered":"https:\/\/dimensionturistica.com\/es\/?p=1112958"},"modified":"2026-02-16T23:53:34","modified_gmt":"2026-02-16T23:53:34","slug":"el-secreto-de-bob-burbuja-para-un-cabello-de-apariencia-mas-gruesa","status":"publish","type":"post","link":"https:\/\/dimensionturistica.com\/es\/el-secreto-de-bob-burbuja-para-un-cabello-de-apariencia-mas-gruesa\/","title":{"rendered":"El Secreto de Bob Burbuja para un Cabello de Apariencia M\u00e1s Gruesa"},"content":{"rendered":"<h2>La Revoluci\u00f3n del Bubble Bob: La Tendencia Capilar que Est\u00e1 Arrasando<\/h2>\n<p>En el fascinante mundo de la moda, las tendencias capilares pueden convertirse r\u00e1pidamente en un fen\u00f3meno viral. En este sentido, el bubble bob ha emergido como la elecci\u00f3n predilecta de muchas celebridades e influencers, capturando la esencia de la modernidad y la frescura. Este estilo de corte no solo es audaz, sino que tambi\u00e9n ofrece una notable versatilidad que lo hace perfecto para diversas ocasiones.<\/p>\n<h3>El Estilo en Detalle<\/h3>\n<p>El bubble bob se caracteriza por su forma redondeada y din\u00e1mica, creando una apariencia volum\u00e9trica que recuerda a los peinados de las d\u00e9cadas pasadas pero con un giro contempor\u00e1neo. Esta silueta se logra a trav\u00e9s de un corte que se mantiene corto en la parte posterior y progresivamente m\u00e1s largo hacia el frente, formando \u00e1ngulos que a\u00f1aden un toque juguet\u00f3n. La clave est\u00e1 en la textura: el uso de herramientas de peinado puede resaltar esa sensaci\u00f3n &#8220;burbujeante&#8221;, convirtiendo cada hebra en una declaraci\u00f3n de estilo.<\/p>\n<h3>Versatilidad para Todos<\/h3>\n<p>Una de las caracter\u00edsticas m\u00e1s destacadas del bubble bob es su adaptabilidad. Es un estilo que funciona tanto para el cabello lacio como para el rizado, permitiendo a quienes lo llevan jugar con su textura natural. La personalizaci\u00f3n de este peinado puede ajustarse a la forma de la cara y a la est\u00e9tica individual, ya sea que se busque un acabado pulido o un look m\u00e1s desordenado y urbano.<\/p>\n<h3>Influencia en la Cultura Pop<\/h3>\n<p>Las redes sociales han sido un factor clave en la ascensi\u00f3n del bubble bob, impulsado por influencers y celebridades que no han dudado en lucir este corte en eventos de alto perfil. Fotos y v\u00eddeos de estos estilismos han inundado plataformas como Instagram y TikTok, generando debates sobre el pr\u00f3ximo gran avance en tendencias capilares. Este fen\u00f3meno subraya la importancia de la conectividad digital en la moda actual, donde un solo post puede transformar un look en una sensaci\u00f3n global.<\/p>\n<h3>Cuidado y Mantenimiento<\/h3>\n<p>Para quienes se aventuren a adoptar este estilo, el cuidado del cabello es fundamental. Utilizar productos que aporten hidrataci\u00f3n y definici\u00f3n cobra importancia, especialmente si se busca resaltar el volumen. Adem\u00e1s, sesiones regulares con un estilista asegurar\u00e1n que el corte mantenga su forma y est\u00e9 siempre a la moda. <\/p>\n<h3>Conclusi\u00f3n: El Bubble Bob Como Estilo de Vida<\/h3>\n<p>El bubble bob no solo representa un corte de cabello, sino una declaraci\u00f3n de intenciones y empoderamiento. Encapsula la esencia de un estilo contempor\u00e1neo que promueve la creatividad y la individualidad. A medida que esta tendencia sigue ganando popularidad, se espera que inspire a una nueva generaci\u00f3n a experimentar con sus looks y, sobre todo, a celebrar la expresi\u00f3n personal en cada hebra.<\/p>\n<p>La moda es, sin duda, un universo en constante evoluci\u00f3n, y el bubble bob se erige como un testimonio de ello. \u00bfTe atrever\u00e1s a sumarte a esta tendencia revolucionaria?<\/p>\n<p><em> &#8221; Fuentes www.vogue.com &#8221; <\/em><\/p>\n","protected":false},"excerpt":{"rendered":"<p>La Revoluci\u00f3n del Bubble Bob: La Tendencia Capilar que Est\u00e1 Arrasando En el fascinante mundo de la moda, las tendencias capilares pueden convertirse r\u00e1pidamente en un fen\u00f3meno viral. En este sentido, el bubble bob ha emergido como la elecci\u00f3n predilecta de muchas celebridades e influencers, capturando la esencia de la modernidad y la frescura. Este [&hellip;]<\/p>\n","protected":false},"author":14,"featured_media":1112959,"comment_status":"open","ping_status":"closed","sticky":false,"template":"","format":"standard","meta":{"om_disable_all_campaigns":false,"jnews-multi-image_gallery":[],"jnews_single_post":[],"jnews_primary_category":[],"jnews_social_meta":[],"footnotes":""},"categories":[144872],"tags":[200404,204903,268032,124349,208499,203101,130131,217500,204906,204902,212144,268033],"class_list":["post-1112958","post","type-post","status-publish","format-standard","has-post-thumbnail","hentry","category-fashion","tag-beauty-hacks","tag-bobs","tag-bubble-bob","tag-hair-care","tag-hair-products","tag-hair-styling","tag-hair-tips","tag-hair-volume","tag-hairstyle-trends","tag-short-haircuts","tag-thicker-hair","tag-womens-hair-care"],"_links":{"self":[{"href":"https:\/\/dimensionturistica.com\/es\/wp-json\/wp\/v2\/posts\/1112958","targetHints":{"allow":["GET"]}}],"collection":[{"href":"https:\/\/dimensionturistica.com\/es\/wp-json\/wp\/v2\/posts"}],"about":[{"href":"https:\/\/dimensionturistica.com\/es\/wp-json\/wp\/v2\/types\/post"}],"author":[{"embeddable":true,"href":"https:\/\/dimensionturistica.com\/es\/wp-json\/wp\/v2\/users\/14"}],"replies":[{"embeddable":true,"href":"https:\/\/dimensionturistica.com\/es\/wp-json\/wp\/v2\/comments?post=1112958"}],"version-history":[{"count":1,"href":"https:\/\/dimensionturistica.com\/es\/wp-json\/wp\/v2\/posts\/1112958\/revisions"}],"predecessor-version":[{"id":1112960,"href":"https:\/\/dimensionturistica.com\/es\/wp-json\/wp\/v2\/posts\/1112958\/revisions\/1112960"}],"wp:featuredmedia":[{"embeddable":true,"href":"https:\/\/dimensionturistica.com\/es\/wp-json\/wp\/v2\/media\/1112959"}],"wp:attachment":[{"href":"https:\/\/dimensionturistica.com\/es\/wp-json\/wp\/v2\/media?parent=1112958"}],"wp:term":[{"taxonomy":"category","embeddable":true,"href":"https:\/\/dimensionturistica.com\/es\/wp-json\/wp\/v2\/categories?post=1112958"},{"taxonomy":"post_tag","embeddable":true,"href":"https:\/\/dimensionturistica.com\/es\/wp-json\/wp\/v2\/tags?post=1112958"}],"curies":[{"name":"wp","href":"https:\/\/api.w.org\/{rel}","templated":true}]}}