{"id":1112801,"date":"2026-02-16T16:45:58","date_gmt":"2026-02-16T16:45:58","guid":{"rendered":"https:\/\/dimensionturistica.com\/es\/?p=1112801"},"modified":"2026-02-16T16:45:58","modified_gmt":"2026-02-16T16:45:58","slug":"convenios-y-vuelos-en-avion-oficial-indagan-conexiones-femeninas-con-el-circulo-de-jose-jeri","status":"publish","type":"post","link":"https:\/\/dimensionturistica.com\/es\/convenios-y-vuelos-en-avion-oficial-indagan-conexiones-femeninas-con-el-circulo-de-jose-jeri\/","title":{"rendered":"Convenios y vuelos en avi\u00f3n oficial: indagan conexiones femeninas con el c\u00edrculo de Jos\u00e9 Jer\u00ed"},"content":{"rendered":"<p><strong>Descubriendo el Eco de la Pol\u00edtica en el Turismo: Un Viaje Inesperado<\/strong><\/p>\n<p>En el complejo entramado de la pol\u00edtica peruana, no solo se tramitan decisiones que impactan la vida cotidiana de los ciudadanos, sino que tambi\u00e9n emergen historias sorprendentes que atraviesan el paisaje tur\u00edstico. En este contexto, surge un tema de inter\u00e9s que invita a reflexionar sobre las conexiones entre el turismo, las figuras del poder y el destino de los viajeros.<\/p>\n<p>Recientemente, se han desvelado ciertos v\u00ednculos que han suscitado la atenci\u00f3n p\u00fablica, involucrando viajes en avi\u00f3n presidencial y relaciones entre figuras pol\u00edticas y mujeres cercanas a un entorno influyente. Esto nos lleva a cuestionar c\u00f3mo la pol\u00edtica y el turismo pueden cruzarse en un mismo camino y qu\u00e9 impacto tiene esto en la percepci\u00f3n que tienen los turistas sobre el pa\u00eds que visitan.<\/p>\n<p>Imaginemos un viajero en busca de descubrir la esencia de Per\u00fa. Se embarca en un recorrido que abarca desde las majestuosas ruinas de Machu Picchu hasta las vibrantes calles de Lima. Sin embargo, su experiencia puede verse alterada por el eco de controversias pol\u00edticas que no siempre dejan claros los caminos que siguen sus representantes. Estos detalles, aunque aparentemente distantes, pueden influir en la narrativa que se cuenta sobre la naci\u00f3n.<\/p>\n<p>El turismo, como motor de desarrollo y un puente entre culturas, se enfrenta a nuevos retos en un mundo donde la transparencia y la \u00e9tica son cada vez m\u00e1s valoradas. La inclusi\u00f3n de historias de controversias pol\u00edticas puede ofrecer una visi\u00f3n m\u00e1s profunda de la realidad del pa\u00eds. Para el turista curioso, esto no solo a\u00f1ade una capa de complejidad a su entendimiento, sino que tambi\u00e9n plantea cuestiones \u00e9ticas sobre el lugar que ocupan en el paisaje tur\u00edstico.<\/p>\n<p>Los viajeros del futuro demandan experiencias aut\u00e9nticas y significativas. En esta b\u00fasqueda, el conocimiento sobre el entorno pol\u00edtico se vuelve esencial. Diferentes agentes, desde gu\u00edas tur\u00edsticos hasta los mismos destinos, tienen el poder de enriquecer la experiencia del viajero al presentar no solo los atractivos visuales, sino tambi\u00e9n la rica y, a veces, turbulenta historia que rodea a cada lugar.<\/p>\n<p>As\u00ed, la intersecci\u00f3n entre la pol\u00edtica y el turismo puede ser vista como una oportunidad. Con un enfoque en la transparencia y un relato honesto sobre la realidad del pa\u00eds, los destinos pueden transformarse en espacios de aprendizaje y reflexi\u00f3n. Esto puede empoderar al viajero, permiti\u00e9ndole ejercer un turismo m\u00e1s consciente, que no solo aprecie la belleza superficial sino que tambi\u00e9n comprenda el tejido multifac\u00e9tico que compone la identidad de Per\u00fa.<\/p>\n<p>La pr\u00f3xima vez que planifiques tu viaje, considera no solo los destinos, sino tambi\u00e9n las historias ocultas que los rodean. Sum\u00e9rgete en el ecosistema pol\u00edtico, social y cultural que da vida a cada rinc\u00f3n que descubres. En esta exploraci\u00f3n, te convertir\u00e1s no solo en un turista, sino en un viajero que busca comprender y conectar con un mundo m\u00e1s grande.<\/p>\n<p>Cada viaje tiene el poder de dejar una huella. La historia que elijas escuchar, y c\u00f3mo elijas relacionarte con ella, puede transformar tu experiencia en algo m\u00e1s significativo. As\u00ed que, mientras te embarcas en tu pr\u00f3xima aventura, recuerda que cada vuelo, cada conexi\u00f3n y cada historia cuenta. Abracemos la complejidad de nuestras exploraciones, porque en el coraz\u00f3n de cada destino hay un relato esperando ser contado.<\/p>\n<p><em> &#8221; Fuentes diarioviral.pe &#8221; <\/em><\/p>\n","protected":false},"excerpt":{"rendered":"<p>Descubriendo el Eco de la Pol\u00edtica en el Turismo: Un Viaje Inesperado En el complejo entramado de la pol\u00edtica peruana, no solo se tramitan decisiones que impactan la vida cotidiana de los ciudadanos, sino que tambi\u00e9n emergen historias sorprendentes que atraviesan el paisaje tur\u00edstico. En este contexto, surge un tema de inter\u00e9s que invita a [&hellip;]<\/p>\n","protected":false},"author":4,"featured_media":1112802,"comment_status":"open","ping_status":"closed","sticky":false,"template":"","format":"standard","meta":{"om_disable_all_campaigns":false,"jnews-multi-image_gallery":[],"jnews_single_post":[],"jnews_primary_category":[],"jnews_social_meta":[],"footnotes":""},"categories":[39],"tags":[25000,4995,2205,2152,267997,8092,546,545,45762],"class_list":["post-1112801","post","type-post","status-publish","format-standard","has-post-thumbnail","hentry","category-viajes","tag-avion-presidencial","tag-contratos","tag-corrupcion","tag-investigacion","tag-juan-jose-jeri","tag-mujeres","tag-politica","tag-viajes","tag-vinculos"],"_links":{"self":[{"href":"https:\/\/dimensionturistica.com\/es\/wp-json\/wp\/v2\/posts\/1112801","targetHints":{"allow":["GET"]}}],"collection":[{"href":"https:\/\/dimensionturistica.com\/es\/wp-json\/wp\/v2\/posts"}],"about":[{"href":"https:\/\/dimensionturistica.com\/es\/wp-json\/wp\/v2\/types\/post"}],"author":[{"embeddable":true,"href":"https:\/\/dimensionturistica.com\/es\/wp-json\/wp\/v2\/users\/4"}],"replies":[{"embeddable":true,"href":"https:\/\/dimensionturistica.com\/es\/wp-json\/wp\/v2\/comments?post=1112801"}],"version-history":[{"count":1,"href":"https:\/\/dimensionturistica.com\/es\/wp-json\/wp\/v2\/posts\/1112801\/revisions"}],"predecessor-version":[{"id":1112803,"href":"https:\/\/dimensionturistica.com\/es\/wp-json\/wp\/v2\/posts\/1112801\/revisions\/1112803"}],"wp:featuredmedia":[{"embeddable":true,"href":"https:\/\/dimensionturistica.com\/es\/wp-json\/wp\/v2\/media\/1112802"}],"wp:attachment":[{"href":"https:\/\/dimensionturistica.com\/es\/wp-json\/wp\/v2\/media?parent=1112801"}],"wp:term":[{"taxonomy":"category","embeddable":true,"href":"https:\/\/dimensionturistica.com\/es\/wp-json\/wp\/v2\/categories?post=1112801"},{"taxonomy":"post_tag","embeddable":true,"href":"https:\/\/dimensionturistica.com\/es\/wp-json\/wp\/v2\/tags?post=1112801"}],"curies":[{"name":"wp","href":"https:\/\/api.w.org\/{rel}","templated":true}]}}